{"id":1,"date":"2015-02-26T22:46:57","date_gmt":"2015-02-26T22:46:57","guid":{"rendered":"http:\/\/blogg.improveme.se\/regeringen\/?p=1"},"modified":"2015-02-27T21:06:42","modified_gmt":"2015-02-27T20:06:42","slug":"hej-varlden","status":"publish","type":"post","link":"https:\/\/blogg.improveme.se\/regeringen\/2015\/02\/26\/hej-varlden\/","title":{"rendered":"Sveriges vapen och opium-finansierande pedofil-regering med JK:s och G\u00f6ta h\u00f6vr\u00e4ttens kreatur hotar \u00e5siktsfriheten"},"content":{"rendered":"<h3>Fredagen den 27:e Februari 2015 \u2013 dagen d\u00e5 yttrandefriheten i Sverige f\u00f6rsvann<\/h3>\n<p><a href=\"http:\/\/blogg.improveme.se\/regeringen\/files\/2015\/02\/FREDRIK-INGBLAD_ANNA-SKARHED_JK_HITLER_YTTRANDEFRIHET.png\"><img loading=\"lazy\" decoding=\"async\" class=\"aligncenter size-medium wp-image-5\" src=\"http:\/\/blogg.improveme.se\/regeringen\/files\/2015\/02\/FREDRIK-INGBLAD_ANNA-SKARHED_JK_HITLER_YTTRANDEFRIHET-245x300.png\" alt=\"FREDRIK INGBLAD_ANNA SKARHED_JK_HITLER_YTTRANDEFRIHET\" width=\"245\" height=\"300\" srcset=\"https:\/\/blogg.improveme.se\/regeringen\/files\/2015\/02\/FREDRIK-INGBLAD_ANNA-SKARHED_JK_HITLER_YTTRANDEFRIHET-245x300.png 245w, https:\/\/blogg.improveme.se\/regeringen\/files\/2015\/02\/FREDRIK-INGBLAD_ANNA-SKARHED_JK_HITLER_YTTRANDEFRIHET-755x921.png 755w, https:\/\/blogg.improveme.se\/regeringen\/files\/2015\/02\/FREDRIK-INGBLAD_ANNA-SKARHED_JK_HITLER_YTTRANDEFRIHET.png 800w\" sizes=\"auto, (max-width: 245px) 100vw, 245px\" \/><\/a><\/p>\n<p>G\u00f6ta Hovr\u00e4tt har i dag, 2015-02-27, bekr\u00e4ftat att medieportalen nordfronts ansvarige utgivare Fredrik Vejdeland faktiskt begick brottet \u201chets mot folkgrupp\u201d n\u00e4r han \u00e5r 2014 l\u00e5t publicera en artikel som inneh\u00f6ll detta:<\/p>\n<p>Adolf Hitler, den st\u00f6rsta folkhj\u00e4lten i modern tid, inspirerar sj\u00e4lklart m\u00e5nga av oss som k\u00e4mpar f\u00f6r nationalsocialismen.<br \/>\n..och..<\/p>\n<p>Under dagen till \u00e4ra hissades ocks\u00e5 hakkorsfanor i Lule\u00e5, S\u00f6derhmamn, Hudiksvall, Vimmerby och Hultsfred. Runt Brom\u00f6lla sattes banderoller upp som hedrade F\u00fchrern.<br \/>\nVejdeland d\u00f6mdes utan att n\u00e5gon grupp pekats ut eller att n\u00e5gon hets eller annat negativt skrivits.<\/p>\n<p>Det r\u00e4ckte med att med positiva ord h\u00e4nvisa till en av 1900-talets mest k\u00e4nda historiska personligheter.<\/p>\n<p>Det \u00e4r i dag allts\u00e5 bekr\u00e4ftat att tanke- och \u00e5siktsfriheten upph\u00f6rt i Sverige samt att landets s\u00e5 kallade \u201cgrundlagar\u201d satts ur spel.<\/p>\n<p>Mer av bakgrunden till domen \u2013 inklusive Vejdelands historiska f\u00f6rsvarstal \u2013 i artikel h\u00e4r:<\/p>\n<p><a href=\"http:\/\/blueshift.nu\/varfor-nordfronts-sak-ar-lasarens\/\" target=\"_blank\"><strong>Varf\u00f6r Nationalsocialismens sak blivit l\u00e4sarens<\/strong><\/a><\/p>\n<p>JK och h\u00f6gsta dumstolen beslutade f\u00f6r en del \u00e5r sedan att den d\u00f6mde sexk\u00f6ps-domaren Leif Thorsson kunde jobba kvar som justitier\u00e5d vid HD trots att Thorsson \u00e4r en pedofil som p\u00e5 Internet s\u00f6ker efter pojkar att k\u00f6pa sex av. Det \u00e4r allts\u00e5 dem pedofilv\u00e4nliga kreaturen vid JK som \u00e5talat Fredrik Vejdeland.<\/p>\n<p><a href=\"http:\/\/blogg.improveme.se\/regeringen\/files\/2015\/02\/6ab8e-gernandt_swedishsupremecourt_pedophiles_leifthorsson_ingemarpersson_mariannelundius_hogstadomstolen_justitierad.jpg\"><img loading=\"lazy\" decoding=\"async\" class=\"aligncenter wp-image-10\" src=\"http:\/\/blogg.improveme.se\/regeringen\/files\/2015\/02\/6ab8e-gernandt_swedishsupremecourt_pedophiles_leifthorsson_ingemarpersson_mariannelundius_hogstadomstolen_justitierad-755x507.jpg\" alt=\"-gernandt_swedishsupremecourt_pedophiles_leifthorsson_ingemarpersson_mariannelundius_hogstadomstolen_justitierad\" width=\"555\" height=\"373\" srcset=\"https:\/\/blogg.improveme.se\/regeringen\/files\/2015\/02\/6ab8e-gernandt_swedishsupremecourt_pedophiles_leifthorsson_ingemarpersson_mariannelundius_hogstadomstolen_justitierad-755x507.jpg 755w, https:\/\/blogg.improveme.se\/regeringen\/files\/2015\/02\/6ab8e-gernandt_swedishsupremecourt_pedophiles_leifthorsson_ingemarpersson_mariannelundius_hogstadomstolen_justitierad-300x201.jpg 300w, https:\/\/blogg.improveme.se\/regeringen\/files\/2015\/02\/6ab8e-gernandt_swedishsupremecourt_pedophiles_leifthorsson_ingemarpersson_mariannelundius_hogstadomstolen_justitierad.jpg 915w\" sizes=\"auto, (max-width: 555px) 100vw, 555px\" \/><\/a><\/p>\n<p><strong>Leif Sture Thorsson<\/strong>, f\u00f6dd 3 juli 1945 i Malm\u00f6, \u00e4r en svensk jurist och \u00e4mbetsman.<\/p>\n<p>Leif Thorsson \u00e4r son till politikern Inga Thorsson. \u00c5r 1974 avlade han juris kandidatexamen och han promoverades 1998 till juris hedersdoktor vid Stockholms universitet. Han blev bitr\u00e4dande jurist vid Advokatfirman Lagerl\u00f6f \u00e5r 1974. \u00c5r 1979 blev han advokat och anst\u00e4lldes vid Carl Swartling advokatbyr\u00e5 i Stockholm, d\u00e4r han blev del\u00e4gare 1983. Han var justitier\u00e5d i H\u00f6gsta domstolen \u00e5ren 1993\u20132012. Thorsson \u00e4r specialiserad p\u00e5 associationsr\u00e4tt.<\/p>\n<p>Thorsson var fr\u00e5n april 2005 tj\u00e4nstledig fr\u00e5n H\u00f6gsta domstolen under en period. Sedan han erk\u00e4nt att han vid ett tillf\u00e4lle brutit mot sexk\u00f6pslagen utf\u00e4rdades ett straff\u00f6rel\u00e4ggande i maj samma \u00e5r, vilket Thorsson godk\u00e4nde. Justitiekanslern G\u00f6ran Lambertz kom sedan att \u00f6verv\u00e4ga huruvida ett yrkande p\u00e5 Thorssons avs\u00e4ttning som justitier\u00e5d skulle framst\u00e4llas i H\u00f6gsta domstolen. Denne beslutade 25 maj samma \u00e5r att inte framst\u00e4lla ett s\u00e5dant yrkande.<\/p>\n<p>Vid sidan av tj\u00e4nsten i H\u00f6gsta domstolen har Thorsson bland annat varit ordf\u00f6rande i Stockholms Handelskammares Skiljedomsinstitut, d\u00e4r han blev ledamot 1989 och vice ordf\u00f6rande i Aktiemarknadsn\u00e4mnden. Han \u00e4r ledamot av styrelsen f\u00f6r Justitier\u00e5det Edvard Cassels stiftelse och sedan 1997 ordf\u00f6rande f\u00f6r Axel och Sofia Alms stiftelse.<\/p>\n<p>&nbsp;<\/p>\n<p>&nbsp;<\/p>\n","protected":false},"excerpt":{"rendered":"<p>Fredagen den 27:e Februari 2015 \u2013 dagen d\u00e5 yttrandefriheten i Sverige f\u00f6rsvann G\u00f6ta Hovr\u00e4tt har i dag, 2015-02-27, bekr\u00e4ftat att medieportalen nordfronts ansvarige utgivare Fredrik Vejdeland faktiskt begick brottet \u201chets mot folkgrupp\u201d n\u00e4r han \u00e5r 2014 l\u00e5t publicera en artikel som inneh\u00f6ll detta: Adolf Hitler, den st\u00f6rsta folkhj\u00e4lten i modern tid, inspirerar sj\u00e4lklart m\u00e5nga av &#8230; <a title=\"Sveriges vapen och opium-finansierande pedofil-regering med JK:s och G\u00f6ta h\u00f6vr\u00e4ttens kreatur hotar \u00e5siktsfriheten\" class=\"read-more\" href=\"https:\/\/blogg.improveme.se\/regeringen\/2015\/02\/26\/hej-varlden\/\" aria-label=\"L\u00e4s mer om Sveriges vapen och opium-finansierande pedofil-regering med JK:s och G\u00f6ta h\u00f6vr\u00e4ttens kreatur hotar \u00e5siktsfriheten\">L\u00e4s mer<\/a><\/p>\n","protected":false},"author":10906,"featured_media":0,"comment_status":"open","ping_status":"open","sticky":false,"template":"","format":"standard","meta":{"footnotes":""},"categories":[1],"tags":[6,5,7,11,4,12,2,3,9,10,8],"class_list":["post-1","post","type-post","status-publish","format-standard","hentry","category-okategoriserad","tag-adolf-hitler","tag-anna-skarhed","tag-asiktsfrihet","tag-fredrik-vejdeland","tag-gota-hovratt","tag-henrik-ingblad","tag-jk","tag-justitiekanslern","tag-regeringen","tag-socialdemokraterna","tag-yttrandefriheten"],"_links":{"self":[{"href":"https:\/\/blogg.improveme.se\/regeringen\/wp-json\/wp\/v2\/posts\/1","targetHints":{"allow":["GET"]}}],"collection":[{"href":"https:\/\/blogg.improveme.se\/regeringen\/wp-json\/wp\/v2\/posts"}],"about":[{"href":"https:\/\/blogg.improveme.se\/regeringen\/wp-json\/wp\/v2\/types\/post"}],"author":[{"embeddable":true,"href":"https:\/\/blogg.improveme.se\/regeringen\/wp-json\/wp\/v2\/users\/10906"}],"replies":[{"embeddable":true,"href":"https:\/\/blogg.improveme.se\/regeringen\/wp-json\/wp\/v2\/comments?post=1"}],"version-history":[{"count":0,"href":"https:\/\/blogg.improveme.se\/regeringen\/wp-json\/wp\/v2\/posts\/1\/revisions"}],"wp:attachment":[{"href":"https:\/\/blogg.improveme.se\/regeringen\/wp-json\/wp\/v2\/media?parent=1"}],"wp:term":[{"taxonomy":"category","embeddable":true,"href":"https:\/\/blogg.improveme.se\/regeringen\/wp-json\/wp\/v2\/categories?post=1"},{"taxonomy":"post_tag","embeddable":true,"href":"https:\/\/blogg.improveme.se\/regeringen\/wp-json\/wp\/v2\/tags?post=1"}],"curies":[{"name":"wp","href":"https:\/\/api.w.org\/{rel}","templated":true}]}}