{"id":13,"date":"2015-02-28T02:02:28","date_gmt":"2015-02-28T01:02:28","guid":{"rendered":"http:\/\/blogg.improveme.se\/regeringen\/?p=13"},"modified":"2015-02-28T18:07:52","modified_gmt":"2015-02-28T17:07:52","slug":"det-socialdemokratiska-partiets-stod-och-vanskap-till-nazismen","status":"publish","type":"post","link":"https:\/\/blogg.improveme.se\/regeringen\/2015\/02\/28\/det-socialdemokratiska-partiets-stod-och-vanskap-till-nazismen\/","title":{"rendered":"Det socialdemokratiska partiets st\u00f6d och v\u00e4nskap till nazismen"},"content":{"rendered":"<h2>Det socialdemokratiska partiets st\u00f6d och v\u00e4nskap till nazismen<\/h2>\n<p><a href=\"http:\/\/blogg.improveme.se\/regeringen\/files\/2015\/02\/STEFAN-LOFVEN-SOCIALDEMOKRAT-NAZI-HauptsturmfFuhrerAllgemeine-SS.jpg\"><img loading=\"lazy\" decoding=\"async\" class=\"aligncenter size-medium wp-image-16\" src=\"http:\/\/blogg.improveme.se\/regeringen\/files\/2015\/02\/STEFAN-LOFVEN-SOCIALDEMOKRAT-NAZI-HauptsturmfFuhrerAllgemeine-SS-250x300.jpg\" alt=\"STEFAN LOFVEN-SOCIALDEMOKRAT-NAZI-HauptsturmfFuhrerAllgemeine-SS\" width=\"250\" height=\"300\" srcset=\"https:\/\/blogg.improveme.se\/regeringen\/files\/2015\/02\/STEFAN-LOFVEN-SOCIALDEMOKRAT-NAZI-HauptsturmfFuhrerAllgemeine-SS-250x300.jpg 250w, https:\/\/blogg.improveme.se\/regeringen\/files\/2015\/02\/STEFAN-LOFVEN-SOCIALDEMOKRAT-NAZI-HauptsturmfFuhrerAllgemeine-SS-755x903.jpg 755w, https:\/\/blogg.improveme.se\/regeringen\/files\/2015\/02\/STEFAN-LOFVEN-SOCIALDEMOKRAT-NAZI-HauptsturmfFuhrerAllgemeine-SS.jpg 1006w\" sizes=\"auto, (max-width: 250px) 100vw, 250px\" \/><\/a><\/p>\n<p>Stefan L\u00f6fven g\u00f6r det nazisterna gjorde, skapar krig, s\u00e4ljer vapen och d\u00f6dar m\u00e4nniskor.<\/p>\n<p>&nbsp;<\/p>\n<h3><strong>Socialdemokratiska partiets nazistiska bakgrund<\/strong><\/h3>\n<p><a href=\"http:\/\/blogg.improveme.se\/regeringen\/files\/2015\/02\/socialdemokraterna_rasbiologin.jpg\"><img loading=\"lazy\" decoding=\"async\" class=\"aligncenter wp-image-28\" src=\"http:\/\/blogg.improveme.se\/regeringen\/files\/2015\/02\/socialdemokraterna_rasbiologin.jpg\" alt=\"socialdemokraterna_rasbiologin\" width=\"458\" height=\"286\" srcset=\"https:\/\/blogg.improveme.se\/regeringen\/files\/2015\/02\/socialdemokraterna_rasbiologin.jpg 558w, https:\/\/blogg.improveme.se\/regeringen\/files\/2015\/02\/socialdemokraterna_rasbiologin-300x187.jpg 300w\" sizes=\"auto, (max-width: 458px) 100vw, 458px\" \/><\/a><\/p>\n<p>\u201dRasbiologiska institutet\u201d grundades 1922, efter en socialdemokratisk motion som st\u00f6ddes av samtliga riksdagspartier. 1958 \u00e4ndrades namnet till \u201dInstitutionen f\u00f6r medicinsk genetik\u201d och verksamheten kn\u00f6ts till universitetet i Uppsala. Idag sker forskning kring genetik vid Uppsala universitets Genetikcentrum.<\/p>\n<p>Socialdemokraterna \u00e4r det svenska parti som tidigare hade rasismen som en del av sin ideologi! Och med starka kopplingar till Nazism!<\/p>\n<p>Man skall d\u00e5 ha i \u00e5tanke att flera av de borgerliga partierna haft valsamverkan med nazistiska och fascistiska partier, och i centerns fall \u00e4ven pl\u00e4derat f\u00f6r rashygien i sitt partiprogram. Socialdemokraternas vurmande f\u00f6r rasbiologin var dock s\u00e5 omfattande, att man i vissa fall fungerade som en inspirationsk\u00e4lla f\u00f6r de tyska nationalsocialisterna. Rasbiologin var en naturlig del av den socialistiska ideologin, vilket med all \u00f6nskv\u00e4rd tydlighet framg\u00e5r av boken \u201dRasbiologi och socialism\u201d. Denna bok redog\u00f6r f\u00f6r det tydliga sl\u00e4ktskapet mellan socialismen och rasbiologin och d\u00e4r kan man bland annat l\u00e4sa p\u00e5st\u00e5enden som: \u201dAtt den nordiska rasen \u00e4r v\u00e4rdefullare \u00e4n den negroida har \u00e5tskilligt fog f\u00f6r sig\u2026\u201d<\/p>\n<p><a href=\"http:\/\/blogg.improveme.se\/regeringen\/files\/2015\/02\/Allan-Vougt.jpg\"><img loading=\"lazy\" decoding=\"async\" class=\"aligncenter size-full wp-image-29\" src=\"http:\/\/blogg.improveme.se\/regeringen\/files\/2015\/02\/Allan-Vougt.jpg\" alt=\"Allan-Vougt\" width=\"199\" height=\"280\" \/><\/a><\/p>\n<p>Boken gavs ut 1926 och f\u00f6rfattades av Allan Vougt som var chefredakt\u00f6r f\u00f6r den socialdemokratiska tidningen Arbetet, m\u00e5ng\u00e5rig riksdagsledamot och ledamot av socialdemokratiska partistyrelsen samt s\u00e5 sm\u00e5ningom \u00e4ven f\u00f6rsvarsminister. De konservativa krafterna i Sverige var i m\u00e5nga fall motst\u00e5ndare till det rasbiologiska t\u00e4nkandet, d\u00e5 detta grundade sig p\u00e5 darwinismen och d\u00e4rmed stred mot den kristna l\u00e4ran. Socialdemokraten Vougt gick till kraftfullt angrepp mot denna konservativa syn p\u00e5 rasbiologin: \u201d\u00c4nnu reagerar m\u00e4nniskornas konservativa flertal starkt mot det f\u00f6rslag om sterilisering av f\u00f6rbrytare, vilken bara \u00e4r den ena sidan av rashygienens krav p\u00e5 inskr\u00e4nkning av de mindre goda elementens fruktsamhet\u2026 men framtidens m\u00e4nniskosl\u00e4kte kommer utan tvivel att visa l\u00e5ngt mindre skonsamhet mot de neddragande elementen \u00e4n vi.\u201d Arthur Engberg som \u00e4ven han var chefredakt\u00f6r f\u00f6r tidningen Arbetet och sedermera socialdemokratisk ecklesiastikminister uttryckte sig p\u00e5 f\u00f6ljande s\u00e4tt: \u201dVi hava ju lyckan att \u00e4ga en ras, som \u00e4nnu \u00e4r ganska of\u00f6rst\u00f6rd, en ras som \u00e4r b\u00e4rare av mycket h\u00f6ga och goda egenskaper.\u201d (\u00e5tergivet i Dagens Nyheter den 20 augusti 1997). En annan rasideologisk socialdemokrat med h\u00f6g profil var f\u00f6rfattaren Bengt Lidforss som bland annat skrev i Arbetet att: \u201dVad negern kan till\u00e4gna sig av v\u00e5r europeiska civilisation bildar blott och bart en tunn fernissa kring hans ursprungliga v\u00e4sen, i sitt inre \u00e4r och f\u00f6rblir han neger.\u201d Lidforss var ocks\u00e5 av den best\u00e4mda \u00e5sikten att det var: \u201den livsfr\u00e5ga att h\u00e5lla sig fritt fr\u00e5n inblandning av fysiskt och andligt underl\u00e4gsna raser.\u201d Ett annat exempel p\u00e5 den svenska socialismens ideologiska f\u00f6rh\u00e5llande till rasbiologin \u00e4r den skrift som den socialistiska studentorganisationen Clart\u00e9 gav ut 1925, skriven av Karl Evang och Ebbe Linde. Den steriliseringslag som inf\u00f6rdes 1934 och \u2013 med vissa f\u00f6r\u00e4ndringar g\u00e4llde \u2013 till 1975 hade sina r\u00f6tter i 1920- och 1930-talens rasbiologiska t\u00e4nkande. 1922 motionerade socialdemokraterna Alfred Petr\u00e9n och Ernst Wigforss om tv\u00e5ngssterilisering av f\u00f6rst\u00e5ndshandikappade i Sverige med h\u00e4nvisning till de \u201dRashygieniska v\u00e5ndorna av att sinnessl\u00f6a fortplantar sig\u201d.<\/p>\n<p><a href=\"http:\/\/blogg.improveme.se\/regeringen\/files\/2015\/02\/Hjalmar-Branting.jpg\"><img loading=\"lazy\" decoding=\"async\" class=\"aligncenter size-full wp-image-30\" src=\"http:\/\/blogg.improveme.se\/regeringen\/files\/2015\/02\/Hjalmar-Branting.jpg\" alt=\"Hjalmar-Branting\" width=\"165\" height=\"200\" \/><\/a><\/p>\n<p>Hjalmar Branting, (ledare f\u00f6r socialdemokraterna och statsminister i tre omg\u00e5ngar mellan 1920 och 1925), motionerade om att staten skulle inr\u00e4tta ett rasbiologiskt institut. Efter att Hitler hade tagit makten i Tyskland 1933 inf\u00f6rdes en lag om tv\u00e5ngssterilisering. Den socialdemokratiske justitieministern Karl Schlyter s\u00e4nde d\u00e5 omedelbart en grupp svenska experter till Nazityskland f\u00f6r att studera de nya tyska lagarna och l\u00e4ra av de tyska erfarenheterna. Hjalmar Branting och hans parti fick ocks\u00e5 sitt rasbiologiska institut, men f\u00f6rst sedan socialdemokraterna mer l\u00e5ngsiktigt \u00f6vertagit regeringsmakten, (1932), kunde tankarna p\u00e5 sterilisering av \u201dmindre goda element\u201d f\u00f6rverkligas, vilket skedde genom en lag 1934. Tanken var att personer som \u201dmisst\u00e4nkes \u00f6verf\u00f6ra sinnessjukdom eller annan sinnessl\u00f6het eller sv\u00e5rartad sjukdom eller sv\u00e5rt lyte av annat slag\u201d skulle f\u00f6rhindras att skaffa barn. I lagens grundregler var det f\u00f6rst t\u00e4nkt att den ber\u00f6rde sj\u00e4lv skulle acceptera en sterilisering, men i praktiken blev det ofta s\u00e5 att myndighetspersoner \u201d\u00f6vertalade\u201d personerna att skriva under om sterilisering, inte s\u00e4llan i utbyte mot andra f\u00f6rm\u00e5ner som till exempel sociala bidrag eller en bra l\u00e4genhet.<\/p>\n<p>Det fanns ocks\u00e5 utrymme i lagen f\u00f6r tv\u00e5ngsm\u00e4ssiga \u00e5tg\u00e4rder mot dem som inte ans\u00e5gs vara r\u00e4ttskapabla. \u00c5r 1941 sk\u00e4rptes steriliseringslagen ytterligare s\u00e5 att \u00e4ven personer med ett \u201dasocialt levnadss\u00e4tt\u201d, som till exempel ogifta flickor som blivit gravida, kunde bli tv\u00e5ngssteriliserade. I boken \u201dKris i befolkningsfr\u00e5gan\u201d gick f\u00f6rfattarna Gunnar och Alva Myrdal till angrepp mot den g\u00e4llande tv\u00e5ngssteriliseringslagen, d\u00e5 de menade att denna inte gick tillr\u00e4ckligt l\u00e5ngt n\u00e4r det g\u00e4llde \u201dutsovring av h\u00f6ggradigt livsodugliga individer\u201d. F\u00f6rfattarna var \u00f6ppna f\u00f6r tanken att minst var tionde svensk skulle steriliseras och de sade sig vilja se \u201dett ganska skoningsl\u00f6st steriliseringsf\u00f6rfarande\u201d och \u201den s\u00e5 str\u00e4ng lagstiftning som m\u00f6jligt.\u201d<\/p>\n<p><a href=\"http:\/\/blogg.improveme.se\/regeringen\/files\/2015\/02\/alva_myrdal.jpg\"><img loading=\"lazy\" decoding=\"async\" class=\"aligncenter size-full wp-image-31\" src=\"http:\/\/blogg.improveme.se\/regeringen\/files\/2015\/02\/alva_myrdal.jpg\" alt=\"alva_myrdal\" width=\"180\" height=\"277\" \/><\/a><\/p>\n<p>Enligt makarna Myrdal hade de m\u00e4nniskor som l\u00e5g samh\u00e4llet till last ingen r\u00e4tt att s\u00e4tta barn till v\u00e4rlden. Makarna Myrdal delade in befolkningen i \u201dtoppv\u00e4rdiga och icke toppv\u00e4rdiga\u201d och uttryckte en \u00f6nskan om att: \u201dHelst skulle man p\u00e5 den v\u00e4gen [sterilisering] vilja utrota all slags fysisk och psykisk minderv\u00e4rdighet inom befolkningen.\u201d Bokens rasmedvetna f\u00f6rfattare n\u00e5dde senare h\u00f6ga positioner inom socialdemokratin. Gunnar Myrdal blev handelsminister, medan Alva \u00e5ren 1967-1973 var konsultativt statsr\u00e5d. Den socialdemokratiska steriliseringslagstiftningen innebar att mer \u00e4n 60 000 m\u00e4nniskor steriliserades i Sverige under \u00e5ren 1935-75, vilket \u00e4r fler \u00e4n i n\u00e5got annat v\u00e4stland bortsett fr\u00e5n Nazityskland. L\u00e5ngt ifr\u00e5n alla led av n\u00e5gon form av f\u00f6rst\u00e5ndshandikapp utan \u00e4ven epileptiker, alkoholister, kriminella, \u201dosedliga\u201d kvinnor, och andra asociala element blev tv\u00e5ngssteriliserade i rasf\u00f6r\u00e4dlande syfte. Mer \u00e4n 20 000 ogifta gravida kvinnor steriliserades under utpressning, genom att lagen endast till\u00e4t dem att f\u00e5 abort om de godtog sterilisering efter\u00e5t. Att socialdemokraten Ragnar Eriksson, som var politisk sakkunnig i regeringskansliet, ecklesiastikminister i den socialdemokratiska regeringen under \u00e5ren 1957-1967 och sedermera \u00e4ven landsh\u00f6vding i Uppsala, var en av grundarna till den fascistiska organisationen \u201dF\u00f6rbundet nya Sverige\u201d, \u00e4r dock n\u00e5got som det talas tystare om (en annan av grundarna till denna organisation var den k\u00e4nde fascisten Per Engdahl som sedermera kom att bli en \u201dinspirerande samtalspartner\u201d till den socialdemokratiske statministern Tage Erlander enligt Svenska Dagbladet den 19 maj 1994). H\u00f6sten 1938 nominerade den svenske socialdemokraten tillika riksdagsmannen Erik Brandt den tyske naziledaren Adolf Hitler till Nobels fredspris, det visar dokument som tagits fram av Nobelmuseet i Stockholm. Nomineringen skedde efter det att Adolf Hitler b\u00f6rjat visa tendenser f\u00f6r etnisk diskriminering.<\/p>\n<p>F\u00f6rord Nedanst\u00e5ende utdrag ur boken \u201dI h\u00e4nderna p\u00e5 en blodsofferkult\u201d, framl\u00e4gger ex-tremt ovanliga kopplingar avseende Olof Palmes familj, b\u00e5de p\u00e5 faderns ochmoderns sida.<\/p>\n<p>Fr\u00e5gan som l\u00e4saren b\u00f6r st\u00e4lla sig, \u00e4r om det \u00e4r tillf\u00e4lligheter som g\u00f6r att en enda kryptojudisk familjs medlemmar, dels utbildar Hitlers fr\u00e4msta rasideologoch andra toppnazister, dels tillhandah\u00e5ller chefsjurist f\u00f6r det m\u00e4ktigaste industri-konglomeratet bakom nazisterna, dels bildar kommunistpartiet i England och med-verkar till samma sak i Indien, dels f\u00f6rest\u00e5r den klubb i England ur vilken de fyra\u00f6k\u00e4nda KGB-spionerna* hade sitt ursprung, dels placerar en av sina kvinnor somden kanske m\u00e4ktigaste individen inom det finska kommunistpartiet och slutligen, lyckas landa en av sina medlemmar p\u00e5 statsministerposten i Sverige? Eftersom det \u00e4r v\u00e4l k\u00e4nt inom bl.a. frimureriet, spionv\u00e4rlden och \u00e4ven fr\u00e5n politiken, att dess ut\u00f6vare g\u00e4rna l\u00e5ter sitt v\u00e4rv g\u00e5 i arv till barnen (nepotism), b\u00f6r vi ocks\u00e5 fr\u00e5ga ossom Olof Palme av egen kraft tog sig fram till toppositionen i svensk politik, eller om han sedan decennier, el. kanske t.o.m. l\u00e5ngt f\u00f6re sin f\u00f6dsel, var destinerad att intastatsministerposten, f\u00f6r att d\u00e4r utf\u00f6ra sitt samh\u00e4llsdestruktiva v\u00e4rv?* \u00b4The Cambridge four\u00b4 (de fyra fr\u00e5n Cambridge) bestod av Kim Philby, Donald Maclean,Guy Burgess och Anthony Blunt. Senare avsl\u00f6jade en sovjetisk avhoppare ytterligare enspion, John Cairncross, varf\u00f6r gruppen numer g\u00e5r under namnet \u00b4the Cambridge five\u00b4.<\/p>\n<p>&nbsp;<\/p>\n<p>OLOF PALMES SL\u00c4KT OCH NAZISMEN<\/p>\n<p><a href=\"http:\/\/blogg.improveme.se\/regeringen\/files\/2015\/02\/OLOF-PALME-_-NAZI-_-KRYPTO-JUDE.jpg\"><img loading=\"lazy\" decoding=\"async\" class=\"aligncenter size-medium wp-image-32\" src=\"http:\/\/blogg.improveme.se\/regeringen\/files\/2015\/02\/OLOF-PALME-_-NAZI-_-KRYPTO-JUDE-250x300.jpg\" alt=\"OLOF PALME _ NAZI _ KRYPTO JUDE\" width=\"250\" height=\"300\" srcset=\"https:\/\/blogg.improveme.se\/regeringen\/files\/2015\/02\/OLOF-PALME-_-NAZI-_-KRYPTO-JUDE-250x300.jpg 250w, https:\/\/blogg.improveme.se\/regeringen\/files\/2015\/02\/OLOF-PALME-_-NAZI-_-KRYPTO-JUDE-755x903.jpg 755w, https:\/\/blogg.improveme.se\/regeringen\/files\/2015\/02\/OLOF-PALME-_-NAZI-_-KRYPTO-JUDE.jpg 1006w\" sizes=\"auto, (max-width: 250px) 100vw, 250px\" \/><\/a><\/p>\n<p>Andra fr\u00e5gor som kan st\u00e4llas, \u00e4r om det, efter ytterligare forskning i familjen Knieriem-Pal-me-Dutt, poppar upp \u00e4nnu fler \u00b4prominenta\u00b4 familjemedlemmar och om Palmes kryptojud-iska sl\u00e4kt, fortfarande idag, h\u00e4r el. i utlandet, \u00e4r verksamma i subversiva samh\u00e4llssyften? Ett Prag-tal om fullst\u00e4ndig underkastelse. \u00c5r 1859 p\u00e5 den gamla judiska kyrkog\u00e5rden i Prag, h\u00e5ller stadens rabbin ett tal f\u00f6rde judiska stammarnas representanter, vilka sammantr\u00e4dde h\u00e4r en g\u00e5ng varje \u00e5r-hundrade. Talet \u00e4r intressant eftersom det i all sin extrema ondska, utg\u00f6r ett synop-sis f\u00f6r den plan om v\u00e4rldser\u00f6vring*, som ca. 70 \u00e5r senare, skulle bli \u00f6k\u00e4nd under namnet \u201dDe \u00e4ldstes protokoll\u201d, eller \u201dSions vises protokoll\u201d:* Oftast idag ben\u00e4mnd NWO (New World Order), eller Nya v\u00e4rldsordningen.<\/p>\n<p>Chefsrabbinen i Prag 1859 -Solomon Judah Rapoport.&#8221;Enligt Jehovas vilja har v\u00e5rt folk blivit spritt \u00f6verhela jorden, p\u00e5 det att hela jorden, hela v\u00e4rlden m\u00e5 tillh\u00f6ra oss. Den gyllene kalven, som Aron res-te i \u00f6knen, \u00e4r den gyllene avguden, vilken alla folkdyrkar. De rikaste m\u00e4nnen i v\u00e4rlden tillh\u00f6ra v\u00e5rt folk. I alla de f\u00f6rn\u00e4msta v\u00e4rldscentra &#8211; London, New-York, Berlin, Wien, Paris, Petersburg &#8211; hava v\u00e5ra miljon\u00e4rer sina banker. De ger penningar-, dearrangerar l\u00e5n, \u00e5t olika h\u00e4rskare och makt\u00e4gande personer, till underh\u00e5ll av arm\u00e9er och f\u00f6rande avkrig. De giva guld mot s\u00e4kerhet i olika statsga-rantier. Jorden utg\u00f6r den f\u00f6rn\u00e4msta s\u00e4kerheten,och vi m\u00e5ste begagna oss av alla medel, p\u00e5 detatt jorden m\u00e5tte komma i v\u00e5ra h\u00e4nder och alla som bo p\u00e5 den, underkasta sig v\u00e5r vilja och v\u00e5rt f\u00f6rst\u00e5nd.<\/p>\n<p>&#8221;Varje jude b\u00f6r str\u00e4ngt ih\u00e5gkomma, att varje folkolycka, av vad slag den varam\u00e5, varje oro bland massorna, oordning mm., \u00e4ro f\u00f6r judendomen den b\u00e4stahj\u00e4lpen. I det vi sj\u00e4lva h\u00e5lla oss i skymundan, kunna vi rikta misstankarna mot regeringen, p\u00e5 dess motvilja att bispringa folkmassorna, &#8211; i synnerhet arbetarna, samt framst\u00e4lla regeringen som upphovet till allt ont. \u00c4ven s\u00e5 b\u00f6r vi visa folkmassorna v\u00e5r \u00f6nskan att fr\u00e4mja arbetarens levnadsvillkor. I det vi s\u00e5lunda draga folkmassorna till oss, kunna vi med l\u00e4tthet begagna oss av dem, vi som besitta r\u00e4vens list, myrans flit och ormens f\u00f6rslagenhet och smidighet.<\/p>\n<p>Men innan vi kunna exploatera dem sj\u00e4lva och deras arbete, m\u00e5ste vi bringa dem dith\u00e4n, att de \u00e4ro ber\u00f6vade allt: familjen, hem, jord och hush\u00e5ll, of\u00f6rm\u00f6gna attskaffa sig br\u00f6d f\u00f6r sitt livsuppeh\u00e4lle, ber\u00f6vade varje m\u00f6jlighet till motst\u00e5nd. De m\u00e5ste bringas att inse, att de blott genom fullst\u00e4ndig underkastelse och lydnad, kunna erh\u00e5lla arbete och br\u00f6d ur v\u00e5ra h\u00e4nder, m.a.o. m\u00f6jlighet att leva&#8221;.* Den judiske rabbinens Prag-tal finns \u00e5tergivet i Hermann Goedsches bok \u201dBiarritz\u201d (p\u00e5 tyska 1868 el. i dess engelska version med titeln \u201dTo Sedan\u201d). <a href=\"http:\/\/blogg.improveme.se\/regeringen\/files\/2015\/02\/Screenshot_2015-02-28-02-41-32.png\"><img loading=\"lazy\" decoding=\"async\" class=\"aligncenter wp-image-21\" src=\"http:\/\/blogg.improveme.se\/regeringen\/files\/2015\/02\/Screenshot_2015-02-28-02-41-32-755x1208.png\" alt=\"Screenshot_2015-02-28-02-41-32\" width=\"555\" height=\"888\" srcset=\"https:\/\/blogg.improveme.se\/regeringen\/files\/2015\/02\/Screenshot_2015-02-28-02-41-32-755x1208.png 755w, https:\/\/blogg.improveme.se\/regeringen\/files\/2015\/02\/Screenshot_2015-02-28-02-41-32-187x300.png 187w, https:\/\/blogg.improveme.se\/regeringen\/files\/2015\/02\/Screenshot_2015-02-28-02-41-32.png 800w\" sizes=\"auto, (max-width: 555px) 100vw, 555px\" \/><\/a> <a href=\"http:\/\/blogg.improveme.se\/regeringen\/files\/2015\/02\/Screenshot_2015-02-28-02-41-16.png\"><img loading=\"lazy\" decoding=\"async\" class=\"aligncenter size-large wp-image-23\" src=\"http:\/\/blogg.improveme.se\/regeringen\/files\/2015\/02\/Screenshot_2015-02-28-02-41-16-755x1208.png\" alt=\"Screenshot_2015-02-28-02-41-16\" width=\"555\" height=\"888\" srcset=\"https:\/\/blogg.improveme.se\/regeringen\/files\/2015\/02\/Screenshot_2015-02-28-02-41-16-755x1208.png 755w, https:\/\/blogg.improveme.se\/regeringen\/files\/2015\/02\/Screenshot_2015-02-28-02-41-16-187x300.png 187w, https:\/\/blogg.improveme.se\/regeringen\/files\/2015\/02\/Screenshot_2015-02-28-02-41-16.png 800w\" sizes=\"auto, (max-width: 555px) 100vw, 555px\" \/><\/a> <a href=\"http:\/\/blogg.improveme.se\/regeringen\/files\/2015\/02\/Screenshot_2015-02-28-02-41-03.png\"><img loading=\"lazy\" decoding=\"async\" class=\"aligncenter size-large wp-image-24\" src=\"http:\/\/blogg.improveme.se\/regeringen\/files\/2015\/02\/Screenshot_2015-02-28-02-41-03-755x1208.png\" alt=\"Screenshot_2015-02-28-02-41-03\" width=\"555\" height=\"888\" srcset=\"https:\/\/blogg.improveme.se\/regeringen\/files\/2015\/02\/Screenshot_2015-02-28-02-41-03-755x1208.png 755w, https:\/\/blogg.improveme.se\/regeringen\/files\/2015\/02\/Screenshot_2015-02-28-02-41-03-187x300.png 187w, https:\/\/blogg.improveme.se\/regeringen\/files\/2015\/02\/Screenshot_2015-02-28-02-41-03.png 800w\" sizes=\"auto, (max-width: 555px) 100vw, 555px\" \/><\/a><\/p>\n<p><a href=\"http:\/\/blogg.improveme.se\/regeringen\/files\/2015\/02\/Screenshot_2015-02-28-02-40-49.png\"><img loading=\"lazy\" decoding=\"async\" class=\"aligncenter size-large wp-image-33\" src=\"http:\/\/blogg.improveme.se\/regeringen\/files\/2015\/02\/Screenshot_2015-02-28-02-40-49-755x1208.png\" alt=\"Screenshot_2015-02-28-02-40-49\" width=\"555\" height=\"888\" srcset=\"https:\/\/blogg.improveme.se\/regeringen\/files\/2015\/02\/Screenshot_2015-02-28-02-40-49-755x1208.png 755w, https:\/\/blogg.improveme.se\/regeringen\/files\/2015\/02\/Screenshot_2015-02-28-02-40-49-187x300.png 187w, https:\/\/blogg.improveme.se\/regeringen\/files\/2015\/02\/Screenshot_2015-02-28-02-40-49.png 800w\" sizes=\"auto, (max-width: 555px) 100vw, 555px\" \/><\/a><\/p>\n<p><a href=\"http:\/\/blogg.improveme.se\/regeringen\/files\/2015\/02\/Screenshot_2015-02-28-02-39-16.png\"><img loading=\"lazy\" decoding=\"async\" class=\"aligncenter size-large wp-image-34\" src=\"http:\/\/blogg.improveme.se\/regeringen\/files\/2015\/02\/Screenshot_2015-02-28-02-39-16-755x1208.png\" alt=\"Screenshot_2015-02-28-02-39-16\" width=\"555\" height=\"888\" srcset=\"https:\/\/blogg.improveme.se\/regeringen\/files\/2015\/02\/Screenshot_2015-02-28-02-39-16-755x1208.png 755w, https:\/\/blogg.improveme.se\/regeringen\/files\/2015\/02\/Screenshot_2015-02-28-02-39-16-187x300.png 187w, https:\/\/blogg.improveme.se\/regeringen\/files\/2015\/02\/Screenshot_2015-02-28-02-39-16.png 800w\" sizes=\"auto, (max-width: 555px) 100vw, 555px\" \/><\/a><\/p>\n<p><a href=\"http:\/\/blogg.improveme.se\/regeringen\/files\/2015\/02\/Screenshot_2015-02-28-02-38-37.png\"><img loading=\"lazy\" decoding=\"async\" class=\"aligncenter size-large wp-image-35\" src=\"http:\/\/blogg.improveme.se\/regeringen\/files\/2015\/02\/Screenshot_2015-02-28-02-38-37-755x1208.png\" alt=\"Screenshot_2015-02-28-02-38-37\" width=\"555\" height=\"888\" srcset=\"https:\/\/blogg.improveme.se\/regeringen\/files\/2015\/02\/Screenshot_2015-02-28-02-38-37-755x1208.png 755w, https:\/\/blogg.improveme.se\/regeringen\/files\/2015\/02\/Screenshot_2015-02-28-02-38-37-187x300.png 187w, https:\/\/blogg.improveme.se\/regeringen\/files\/2015\/02\/Screenshot_2015-02-28-02-38-37.png 800w\" sizes=\"auto, (max-width: 555px) 100vw, 555px\" \/><\/a><\/p>\n<p><a href=\"http:\/\/blogg.improveme.se\/regeringen\/files\/2015\/02\/Screenshot_2015-02-28-02-38-25.png\"><img loading=\"lazy\" decoding=\"async\" class=\"aligncenter size-large wp-image-37\" src=\"http:\/\/blogg.improveme.se\/regeringen\/files\/2015\/02\/Screenshot_2015-02-28-02-38-25-755x1208.png\" alt=\"Screenshot_2015-02-28-02-38-25\" width=\"555\" height=\"888\" srcset=\"https:\/\/blogg.improveme.se\/regeringen\/files\/2015\/02\/Screenshot_2015-02-28-02-38-25-755x1208.png 755w, https:\/\/blogg.improveme.se\/regeringen\/files\/2015\/02\/Screenshot_2015-02-28-02-38-25-187x300.png 187w, https:\/\/blogg.improveme.se\/regeringen\/files\/2015\/02\/Screenshot_2015-02-28-02-38-25.png 800w\" sizes=\"auto, (max-width: 555px) 100vw, 555px\" \/><\/a><\/p>\n<p><a href=\"http:\/\/blogg.improveme.se\/regeringen\/files\/2015\/02\/Screenshot_2015-02-28-02-38-15.png\"><img loading=\"lazy\" decoding=\"async\" class=\"aligncenter size-large wp-image-38\" src=\"http:\/\/blogg.improveme.se\/regeringen\/files\/2015\/02\/Screenshot_2015-02-28-02-38-15-755x1208.png\" alt=\"Screenshot_2015-02-28-02-38-15\" width=\"555\" height=\"888\" srcset=\"https:\/\/blogg.improveme.se\/regeringen\/files\/2015\/02\/Screenshot_2015-02-28-02-38-15-755x1208.png 755w, https:\/\/blogg.improveme.se\/regeringen\/files\/2015\/02\/Screenshot_2015-02-28-02-38-15-187x300.png 187w, https:\/\/blogg.improveme.se\/regeringen\/files\/2015\/02\/Screenshot_2015-02-28-02-38-15.png 800w\" sizes=\"auto, (max-width: 555px) 100vw, 555px\" \/><\/a><\/p>\n<p><a href=\"http:\/\/blogg.improveme.se\/regeringen\/files\/2015\/02\/Screenshot_2015-02-28-02-37-55.png\"><img loading=\"lazy\" decoding=\"async\" class=\"aligncenter size-large wp-image-41\" src=\"http:\/\/blogg.improveme.se\/regeringen\/files\/2015\/02\/Screenshot_2015-02-28-02-37-55-755x1208.png\" alt=\"Screenshot_2015-02-28-02-37-55\" width=\"555\" height=\"888\" srcset=\"https:\/\/blogg.improveme.se\/regeringen\/files\/2015\/02\/Screenshot_2015-02-28-02-37-55-755x1208.png 755w, https:\/\/blogg.improveme.se\/regeringen\/files\/2015\/02\/Screenshot_2015-02-28-02-37-55-187x300.png 187w, https:\/\/blogg.improveme.se\/regeringen\/files\/2015\/02\/Screenshot_2015-02-28-02-37-55.png 800w\" sizes=\"auto, (max-width: 555px) 100vw, 555px\" \/><\/a><\/p>\n<p><a href=\"http:\/\/blogg.improveme.se\/regeringen\/files\/2015\/02\/Screenshot_2015-02-28-02-37-44.png\"><img loading=\"lazy\" decoding=\"async\" class=\"aligncenter size-large wp-image-42\" src=\"http:\/\/blogg.improveme.se\/regeringen\/files\/2015\/02\/Screenshot_2015-02-28-02-37-44-755x1208.png\" alt=\"Screenshot_2015-02-28-02-37-44\" width=\"555\" height=\"888\" srcset=\"https:\/\/blogg.improveme.se\/regeringen\/files\/2015\/02\/Screenshot_2015-02-28-02-37-44-755x1208.png 755w, https:\/\/blogg.improveme.se\/regeringen\/files\/2015\/02\/Screenshot_2015-02-28-02-37-44-187x300.png 187w, https:\/\/blogg.improveme.se\/regeringen\/files\/2015\/02\/Screenshot_2015-02-28-02-37-44.png 800w\" sizes=\"auto, (max-width: 555px) 100vw, 555px\" \/><\/a><\/p>\n<p>&nbsp;<\/p>\n<p><a href=\"http:\/\/blogg.improveme.se\/regeringen\/files\/2015\/02\/Screenshot_2015-02-28-02-37-12.png\"><img loading=\"lazy\" decoding=\"async\" class=\"aligncenter size-large wp-image-44\" src=\"http:\/\/blogg.improveme.se\/regeringen\/files\/2015\/02\/Screenshot_2015-02-28-02-37-12-755x1208.png\" alt=\"Screenshot_2015-02-28-02-37-12\" width=\"555\" height=\"888\" srcset=\"https:\/\/blogg.improveme.se\/regeringen\/files\/2015\/02\/Screenshot_2015-02-28-02-37-12-755x1208.png 755w, https:\/\/blogg.improveme.se\/regeringen\/files\/2015\/02\/Screenshot_2015-02-28-02-37-12-187x300.png 187w, https:\/\/blogg.improveme.se\/regeringen\/files\/2015\/02\/Screenshot_2015-02-28-02-37-12.png 800w\" sizes=\"auto, (max-width: 555px) 100vw, 555px\" \/><\/a><\/p>\n<p><a href=\"http:\/\/blogg.improveme.se\/regeringen\/files\/2015\/02\/Screenshot_2015-02-28-02-36-54.png\"><img loading=\"lazy\" decoding=\"async\" class=\"aligncenter size-large wp-image-45\" src=\"http:\/\/blogg.improveme.se\/regeringen\/files\/2015\/02\/Screenshot_2015-02-28-02-36-54-755x1208.png\" alt=\"Screenshot_2015-02-28-02-36-54\" width=\"555\" height=\"888\" srcset=\"https:\/\/blogg.improveme.se\/regeringen\/files\/2015\/02\/Screenshot_2015-02-28-02-36-54-755x1208.png 755w, https:\/\/blogg.improveme.se\/regeringen\/files\/2015\/02\/Screenshot_2015-02-28-02-36-54-187x300.png 187w, https:\/\/blogg.improveme.se\/regeringen\/files\/2015\/02\/Screenshot_2015-02-28-02-36-54.png 800w\" sizes=\"auto, (max-width: 555px) 100vw, 555px\" \/><\/a><\/p>\n<p><a href=\"http:\/\/blogg.improveme.se\/regeringen\/files\/2015\/02\/Screenshot_2015-02-28-02-36-45.png\"><img loading=\"lazy\" decoding=\"async\" class=\"aligncenter size-large wp-image-46\" src=\"http:\/\/blogg.improveme.se\/regeringen\/files\/2015\/02\/Screenshot_2015-02-28-02-36-45-755x1208.png\" alt=\"Screenshot_2015-02-28-02-36-45\" width=\"555\" height=\"888\" srcset=\"https:\/\/blogg.improveme.se\/regeringen\/files\/2015\/02\/Screenshot_2015-02-28-02-36-45-755x1208.png 755w, https:\/\/blogg.improveme.se\/regeringen\/files\/2015\/02\/Screenshot_2015-02-28-02-36-45-187x300.png 187w, https:\/\/blogg.improveme.se\/regeringen\/files\/2015\/02\/Screenshot_2015-02-28-02-36-45.png 800w\" sizes=\"auto, (max-width: 555px) 100vw, 555px\" \/><\/a><\/p>\n<p><a href=\"http:\/\/blogg.improveme.se\/regeringen\/files\/2015\/02\/Screenshot_2015-02-28-02-36-32.png\"><img loading=\"lazy\" decoding=\"async\" class=\"aligncenter size-large wp-image-47\" src=\"http:\/\/blogg.improveme.se\/regeringen\/files\/2015\/02\/Screenshot_2015-02-28-02-36-32-755x1208.png\" alt=\"Screenshot_2015-02-28-02-36-32\" width=\"555\" height=\"888\" srcset=\"https:\/\/blogg.improveme.se\/regeringen\/files\/2015\/02\/Screenshot_2015-02-28-02-36-32-755x1208.png 755w, https:\/\/blogg.improveme.se\/regeringen\/files\/2015\/02\/Screenshot_2015-02-28-02-36-32-187x300.png 187w, https:\/\/blogg.improveme.se\/regeringen\/files\/2015\/02\/Screenshot_2015-02-28-02-36-32.png 800w\" sizes=\"auto, (max-width: 555px) 100vw, 555px\" \/><\/a><\/p>\n<p><a href=\"http:\/\/blogg.improveme.se\/regeringen\/files\/2015\/02\/Screenshot_2015-02-28-02-36-22.png\"><img loading=\"lazy\" decoding=\"async\" class=\"aligncenter size-large wp-image-48\" src=\"http:\/\/blogg.improveme.se\/regeringen\/files\/2015\/02\/Screenshot_2015-02-28-02-36-22-755x1208.png\" alt=\"Screenshot_2015-02-28-02-36-22\" width=\"555\" height=\"888\" srcset=\"https:\/\/blogg.improveme.se\/regeringen\/files\/2015\/02\/Screenshot_2015-02-28-02-36-22-755x1208.png 755w, https:\/\/blogg.improveme.se\/regeringen\/files\/2015\/02\/Screenshot_2015-02-28-02-36-22-187x300.png 187w, https:\/\/blogg.improveme.se\/regeringen\/files\/2015\/02\/Screenshot_2015-02-28-02-36-22.png 800w\" sizes=\"auto, (max-width: 555px) 100vw, 555px\" \/><\/a><\/p>\n<p><a href=\"http:\/\/blogg.improveme.se\/regeringen\/files\/2015\/02\/Screenshot_2015-02-28-02-36-12.png\"><img loading=\"lazy\" decoding=\"async\" class=\"aligncenter size-large wp-image-49\" src=\"http:\/\/blogg.improveme.se\/regeringen\/files\/2015\/02\/Screenshot_2015-02-28-02-36-12-755x1208.png\" alt=\"Screenshot_2015-02-28-02-36-12\" width=\"555\" height=\"888\" srcset=\"https:\/\/blogg.improveme.se\/regeringen\/files\/2015\/02\/Screenshot_2015-02-28-02-36-12-755x1208.png 755w, https:\/\/blogg.improveme.se\/regeringen\/files\/2015\/02\/Screenshot_2015-02-28-02-36-12-187x300.png 187w, https:\/\/blogg.improveme.se\/regeringen\/files\/2015\/02\/Screenshot_2015-02-28-02-36-12.png 800w\" sizes=\"auto, (max-width: 555px) 100vw, 555px\" \/><\/a><\/p>\n<p><a href=\"http:\/\/blogg.improveme.se\/regeringen\/files\/2015\/02\/Screenshot_2015-02-28-02-36-00.png\"><img loading=\"lazy\" decoding=\"async\" class=\"aligncenter size-large wp-image-50\" src=\"http:\/\/blogg.improveme.se\/regeringen\/files\/2015\/02\/Screenshot_2015-02-28-02-36-00-755x1208.png\" alt=\"Screenshot_2015-02-28-02-36-00\" width=\"555\" height=\"888\" srcset=\"https:\/\/blogg.improveme.se\/regeringen\/files\/2015\/02\/Screenshot_2015-02-28-02-36-00-755x1208.png 755w, https:\/\/blogg.improveme.se\/regeringen\/files\/2015\/02\/Screenshot_2015-02-28-02-36-00-187x300.png 187w, https:\/\/blogg.improveme.se\/regeringen\/files\/2015\/02\/Screenshot_2015-02-28-02-36-00.png 800w\" sizes=\"auto, (max-width: 555px) 100vw, 555px\" \/><\/a><\/p>\n","protected":false},"excerpt":{"rendered":"<p>Det socialdemokratiska partiets st\u00f6d och v\u00e4nskap till nazismen Stefan L\u00f6fven g\u00f6r det nazisterna gjorde, skapar krig, s\u00e4ljer vapen och d\u00f6dar m\u00e4nniskor. &nbsp; Socialdemokratiska partiets nazistiska bakgrund \u201dRasbiologiska institutet\u201d grundades 1922, efter en socialdemokratisk motion som st\u00f6ddes av samtliga riksdagspartier. 1958 \u00e4ndrades namnet till \u201dInstitutionen f\u00f6r medicinsk genetik\u201d och verksamheten kn\u00f6ts till universitetet i Uppsala. Idag &#8230; <a title=\"Det socialdemokratiska partiets st\u00f6d och v\u00e4nskap till nazismen\" class=\"read-more\" href=\"https:\/\/blogg.improveme.se\/regeringen\/2015\/02\/28\/det-socialdemokratiska-partiets-stod-och-vanskap-till-nazismen\/\" aria-label=\"L\u00e4s mer om Det socialdemokratiska partiets st\u00f6d och v\u00e4nskap till nazismen\">L\u00e4s mer<\/a><\/p>\n","protected":false},"author":10906,"featured_media":0,"comment_status":"open","ping_status":"open","sticky":false,"template":"","format":"standard","meta":{"footnotes":""},"categories":[1],"tags":[6,14,19,16,15,10,13,17,18,20],"class_list":["post-13","post","type-post","status-publish","format-standard","hentry","category-okategoriserad","tag-adolf-hitler","tag-goran-persson","tag-hjalmar-branting","tag-nazisterna","tag-olof-palme","tag-socialdemokraterna","tag-stefan-lofven","tag-tyskland","tag-wallenberg","tag-ylva-myrdal"],"_links":{"self":[{"href":"https:\/\/blogg.improveme.se\/regeringen\/wp-json\/wp\/v2\/posts\/13","targetHints":{"allow":["GET"]}}],"collection":[{"href":"https:\/\/blogg.improveme.se\/regeringen\/wp-json\/wp\/v2\/posts"}],"about":[{"href":"https:\/\/blogg.improveme.se\/regeringen\/wp-json\/wp\/v2\/types\/post"}],"author":[{"embeddable":true,"href":"https:\/\/blogg.improveme.se\/regeringen\/wp-json\/wp\/v2\/users\/10906"}],"replies":[{"embeddable":true,"href":"https:\/\/blogg.improveme.se\/regeringen\/wp-json\/wp\/v2\/comments?post=13"}],"version-history":[{"count":0,"href":"https:\/\/blogg.improveme.se\/regeringen\/wp-json\/wp\/v2\/posts\/13\/revisions"}],"wp:attachment":[{"href":"https:\/\/blogg.improveme.se\/regeringen\/wp-json\/wp\/v2\/media?parent=13"}],"wp:term":[{"taxonomy":"category","embeddable":true,"href":"https:\/\/blogg.improveme.se\/regeringen\/wp-json\/wp\/v2\/categories?post=13"},{"taxonomy":"post_tag","embeddable":true,"href":"https:\/\/blogg.improveme.se\/regeringen\/wp-json\/wp\/v2\/tags?post=13"}],"curies":[{"name":"wp","href":"https:\/\/api.w.org\/{rel}","templated":true}]}}