{"id":5148,"date":"2013-01-06T01:57:00","date_gmt":"2013-01-06T00:57:00","guid":{"rendered":"http:\/\/blogg.improveme.se\/rosannacharles\/2013\/01\/06\/hjalp-till-att-hitta-richard\/"},"modified":"2013-01-06T01:57:00","modified_gmt":"2013-01-06T00:57:00","slug":"hjalp-till-att-hitta-richard","status":"publish","type":"post","link":"https:\/\/blogg.improveme.se\/rosannacharles\/2013\/01\/06\/hjalp-till-att-hitta-richard\/","title":{"rendered":"Hj\u00e4lp till att hitta Richard!"},"content":{"rendered":"<p>Jag tycker att det \u00e4r s\u00e5 hemskt n\u00e4r man ser att folk \u00e4r f\u00f6rsvunna. Jag kan inte ens t\u00e4nka\u00a0mig vad hans familj g\u00e5r igenom just nu, de m\u00e5ste vara helt f\u00f6rst\u00f6rda.\u00a0F\u00f6rhoppningsvis s\u00e5 \u00e4r det inget allvarligt som h\u00e4nt men jag skulle \u00e4nd\u00e5 vara otroligt tacksam om ni ville hj\u00e4lpa mig att sprida detta.<\/p>\n<p>Richard \u00e4r 15 \u00e5r gammal, 1,75m l\u00e5ng och v\u00e4ger 87kg. Han s\u00e5gs senast onsdagen den 2 Januari i H\u00e4sselby G\u00e5rd p\u00e5 Friherregatan och d\u00e5 bar han ett par m\u00f6rkbl\u00e5a tr\u00e4ningsbyxor med vit rand p\u00e5 ena sidan och en tr\u00e4ningsjacka i samma f\u00e4rg. Han hade \u00e4ven p\u00e5 sig en l\u00e5ng m\u00f6rk vinterjacka samt en beige rastam\u00f6ssan och ett par vinterk\u00e4ngor.<\/p>\n<p>Har du sett Richard ring Polisen p\u00e5 114 14.<\/p>\n<p>Jag hoppas verkligen att de hittar honom och att alla som kan n\u00e5 ut till m\u00e4nniskor precis som mig verkligen l\u00e4gger en extra minut och hj\u00e4lper till f\u00f6r hans familjs skull!<\/p>\n<p>&lt;3\u00a0<br \/> <img decoding=\"async\" src=\"http:\/\/improveme.se\/i\/rosanna\/1697058.jpg\" border=\"0\" alt=\"\" style=\"margin-right: auto; margin-left: auto; display: block;\" \/><\/p>\n","protected":false},"excerpt":{"rendered":"<p>Jag tycker att det \u00e4r s\u00e5 hemskt n\u00e4r man ser att folk \u00e4r f\u00f6rsvunna. Jag kan inte ens t\u00e4nka\u00a0mig vad hans familj g\u00e5r igenom just nu, de m\u00e5ste vara helt f\u00f6rst\u00f6rda.\u00a0F\u00f6rhoppningsvis s\u00e5 \u00e4r det inget allvarligt som h\u00e4nt men jag skulle \u00e4nd\u00e5 vara otroligt tacksam om ni ville hj\u00e4lpa mig att sprida detta. Richard \u00e4r &#8230; <a title=\"Hj\u00e4lp till att hitta Richard!\" class=\"read-more\" href=\"https:\/\/blogg.improveme.se\/rosannacharles\/2013\/01\/06\/hjalp-till-att-hitta-richard\/\" aria-label=\"L\u00e4s mer om Hj\u00e4lp till att hitta Richard!\">L\u00e4s mer<\/a><\/p>\n","protected":false},"author":4106,"featured_media":0,"comment_status":"open","ping_status":"open","sticky":false,"template":"","format":"standard","meta":{"footnotes":""},"categories":[1],"tags":[],"class_list":["post-5148","post","type-post","status-publish","format-standard","hentry","category-okategoriserad"],"_links":{"self":[{"href":"https:\/\/blogg.improveme.se\/rosannacharles\/wp-json\/wp\/v2\/posts\/5148","targetHints":{"allow":["GET"]}}],"collection":[{"href":"https:\/\/blogg.improveme.se\/rosannacharles\/wp-json\/wp\/v2\/posts"}],"about":[{"href":"https:\/\/blogg.improveme.se\/rosannacharles\/wp-json\/wp\/v2\/types\/post"}],"author":[{"embeddable":true,"href":"https:\/\/blogg.improveme.se\/rosannacharles\/wp-json\/wp\/v2\/users\/4106"}],"replies":[{"embeddable":true,"href":"https:\/\/blogg.improveme.se\/rosannacharles\/wp-json\/wp\/v2\/comments?post=5148"}],"version-history":[{"count":0,"href":"https:\/\/blogg.improveme.se\/rosannacharles\/wp-json\/wp\/v2\/posts\/5148\/revisions"}],"wp:attachment":[{"href":"https:\/\/blogg.improveme.se\/rosannacharles\/wp-json\/wp\/v2\/media?parent=5148"}],"wp:term":[{"taxonomy":"category","embeddable":true,"href":"https:\/\/blogg.improveme.se\/rosannacharles\/wp-json\/wp\/v2\/categories?post=5148"},{"taxonomy":"post_tag","embeddable":true,"href":"https:\/\/blogg.improveme.se\/rosannacharles\/wp-json\/wp\/v2\/tags?post=5148"}],"curies":[{"name":"wp","href":"https:\/\/api.w.org\/{rel}","templated":true}]}}