{"id":5479,"date":"2012-09-26T21:33:00","date_gmt":"2012-09-26T19:33:00","guid":{"rendered":"http:\/\/blogg.improveme.se\/rosannacharles\/2012\/09\/26\/poeten-kommer-fram-pa-kvallskvisten\/"},"modified":"2012-09-26T21:33:00","modified_gmt":"2012-09-26T19:33:00","slug":"poeten-kommer-fram-pa-kvallskvisten","status":"publish","type":"post","link":"https:\/\/blogg.improveme.se\/rosannacharles\/2012\/09\/26\/poeten-kommer-fram-pa-kvallskvisten\/","title":{"rendered":"Poeten kommer fram p\u00e5 kv\u00e4llskvisten&#8230;"},"content":{"rendered":"<p>\t\t\t\t<img decoding=\"async\" src=\"http:\/\/improveme.se\/i\/rosanna\/1551384.jpg\" border=\"0\" alt=\"\" style=\"display: block; margin-left: auto; margin-right: auto;\" \/><\/p>\n<p>Om jag ska vara \u00e4rlig har jag faktiskt blivit motiverad till att b\u00f6rja tr\u00e4na och \u00e4ta r\u00e4tt pga Amir. Hans blogg \u00e4r en av f\u00e5 som jag l\u00e4ser varje dag d\u00e5 jag tycker att han \u00e4r s\u00e5 extremt motiverande. Ni som inte k\u00e4nner honom f\u00f6rst\u00e5r nog inte hur mycket han k\u00e4mpat med vikten.<\/p>\n<p> Jag minns n\u00e4r vi alla brukade h\u00e4nga h\u00e4r och laga grisiga middagar men pl\u00f6tsligt en dag best\u00e4mde han sig f\u00f6r att g\u00e5 ner i vikt och leva ett sundare liv. M\u00e5nga var skeptiska men n\u00e4r man verkligen vill n\u00e5got sj\u00e4lv g\u00e5r det!<\/p>\n<p> Jag har m\u00e5nga g\u00e5nger ocks\u00e5 k\u00e4nt att &#8221;n\u00e4 nu ska jag b\u00f6rja tr\u00e4na&#8221; och s\u00e5 k\u00f6per man ett gymkort som kommer till anv\u00e4ndning 3ggr helt i on\u00f6dan.<\/p>\n<p> Man m\u00e5ste vilja det sj\u00e4lv och jag tror att det har med vilken fas man \u00e4r i livet. Just nu \u00e4r mitt liv v\u00e4ldigt stabilt d\u00e5 jag b\u00f6rjat ta tag i allt p\u00e5 allvar. Jag har rutiner och jobbar 10h om dagen med n\u00e5got jag verkligen tycker \u00e4r kul! Jag har bra m\u00e4nniskor runt omkring mig som jag \u00e4lskar och snart s\u00e5 bor jag helt ensam vilket jag aldrig gjort trots att jag haft l\u00e4genhet i 5\u00e5r (bodde med mitt ex innan).<\/p>\n<p> Har haft 2 fantastiska \u00e5r med Jackie (haha l\u00e5ter som att vi varit ihop) men det kommer till en gr\u00e4ns d\u00e4r man m\u00e5ste kunna vara sj\u00e4lvst\u00e4ndig ocks\u00e5 (fr\u00e5n b\u00e5da sidor). Jag hade v\u00e4ldigt sv\u00e5rt f\u00f6r att vara ensam f\u00f6rut d\u00e5 jag l\u00e4tt fick panik\u00e5ngest osv men allt s\u00e5nt har f\u00f6rsvunnit nu n\u00e4r jag b\u00f6rjat f\u00e5 ordning p\u00e5 allt annat runt omkring mig.<\/p>\n<p> Jag tror att detta \u00e4r bra f\u00f6r oss b\u00e5da. Det t\u00e4r ganska mycket p\u00e5 v\u00e4nskapen n\u00e4r man \u00e4r s\u00e5 t\u00e4tt inp\u00e5 varandra och verkligen delar ALLT! <\/p>\n<p> Vi umgicks j\u00e4mt f\u00f6rut men nu pratar vi knappt. Det \u00e4r typ &#8221;hej&#8221; &#8221;hej d\u00e5&#8221; knappt att man fr\u00e5gar hur den andre m\u00e5r lixom och d\u00e5 har det g\u00e5tt f\u00f6r l\u00e5ngt.<\/p>\n<p> Jag tror att vi kommer bli b\u00e4ttre v\u00e4nner om vi kommer ifr\u00e5n varandra ett tag, eller jag \u00e4r helt s\u00e4ker p\u00e5 det!<\/p>\n<p> Har en del saker jag vill uppn\u00e5 inom ett \u00e5r och dessa grejer ska jag fan lyckas med oavsett vad. S\u00e5 vi b\u00f6rjar med fl\u00e4sket som ska bort ASAP! <\/p>\n<p> (Amirs bild som han photoshopat ihop fick mig fan \u00e4nnu mer motiverad haha!)<\/p>\n<p> IM READY RO ROCK POWERWALKS AND HEALTY FOOD LIKE FASHION HASNT!<\/p>\n","protected":false},"excerpt":{"rendered":"<p>Om jag ska vara \u00e4rlig har jag faktiskt blivit motiverad till att b\u00f6rja tr\u00e4na och \u00e4ta r\u00e4tt pga Amir. Hans blogg \u00e4r en av f\u00e5 som jag l\u00e4ser varje dag d\u00e5 jag tycker att han \u00e4r s\u00e5 extremt motiverande. Ni som inte k\u00e4nner honom f\u00f6rst\u00e5r nog inte hur mycket han k\u00e4mpat med vikten. Jag minns &#8230; <a title=\"Poeten kommer fram p\u00e5 kv\u00e4llskvisten&#8230;\" class=\"read-more\" href=\"https:\/\/blogg.improveme.se\/rosannacharles\/2012\/09\/26\/poeten-kommer-fram-pa-kvallskvisten\/\" aria-label=\"L\u00e4s mer om Poeten kommer fram p\u00e5 kv\u00e4llskvisten&#8230;\">L\u00e4s mer<\/a><\/p>\n","protected":false},"author":4106,"featured_media":0,"comment_status":"open","ping_status":"open","sticky":false,"template":"","format":"standard","meta":{"footnotes":""},"categories":[1],"tags":[],"class_list":["post-5479","post","type-post","status-publish","format-standard","hentry","category-okategoriserad"],"_links":{"self":[{"href":"https:\/\/blogg.improveme.se\/rosannacharles\/wp-json\/wp\/v2\/posts\/5479","targetHints":{"allow":["GET"]}}],"collection":[{"href":"https:\/\/blogg.improveme.se\/rosannacharles\/wp-json\/wp\/v2\/posts"}],"about":[{"href":"https:\/\/blogg.improveme.se\/rosannacharles\/wp-json\/wp\/v2\/types\/post"}],"author":[{"embeddable":true,"href":"https:\/\/blogg.improveme.se\/rosannacharles\/wp-json\/wp\/v2\/users\/4106"}],"replies":[{"embeddable":true,"href":"https:\/\/blogg.improveme.se\/rosannacharles\/wp-json\/wp\/v2\/comments?post=5479"}],"version-history":[{"count":0,"href":"https:\/\/blogg.improveme.se\/rosannacharles\/wp-json\/wp\/v2\/posts\/5479\/revisions"}],"wp:attachment":[{"href":"https:\/\/blogg.improveme.se\/rosannacharles\/wp-json\/wp\/v2\/media?parent=5479"}],"wp:term":[{"taxonomy":"category","embeddable":true,"href":"https:\/\/blogg.improveme.se\/rosannacharles\/wp-json\/wp\/v2\/categories?post=5479"},{"taxonomy":"post_tag","embeddable":true,"href":"https:\/\/blogg.improveme.se\/rosannacharles\/wp-json\/wp\/v2\/tags?post=5479"}],"curies":[{"name":"wp","href":"https:\/\/api.w.org\/{rel}","templated":true}]}}