{"id":5516,"date":"2012-09-16T14:37:00","date_gmt":"2012-09-16T12:37:00","guid":{"rendered":"http:\/\/blogg.improveme.se\/rosannacharles\/2012\/09\/16\/sista-dagen-har\/"},"modified":"2012-09-16T14:37:00","modified_gmt":"2012-09-16T12:37:00","slug":"sista-dagen-har","status":"publish","type":"post","link":"https:\/\/blogg.improveme.se\/rosannacharles\/2012\/09\/16\/sista-dagen-har\/","title":{"rendered":"Sista dagen h\u00e4r&#8230;"},"content":{"rendered":"<p>\t\t\t\t<img decoding=\"async\" src=\"http:\/\/improveme.se\/i\/rosanna\/1535932.jpg\" border=\"0\" alt=\"\" style=\"display: block; margin-left: auto; margin-right: auto;\" \/><\/p>\n<p>OMFG!<\/p>\n<p> Idag \u00e4r v\u00e4rmen extrem, svettas ihj\u00e4l!!!! Jag och Jennifer sitter och kollar bloggar och instagrammar medans perris ligger vid poolen. De har ju br\u00e5kat hela resan vilket varit skit jobbigt f\u00f6r mig. Hatar n\u00e4r folk inte kommer \u00f6verens!<\/p>\n<p> Imorgon \u00e5ker vi hem men Jennifer stannar en vecka till d\u00e5 hon tr\u00e4ffat massa svenska v\u00e4nner h\u00e4r. Sj\u00e4lv m\u00e5ste jag hem och jobba ihj\u00e4l mig. Har missat sjukt mycket!<\/p>\n<p> Orkar inte sitta h\u00e4r d\u00e5 det \u00e4r min sista soldag men jag sl\u00e4nger upp n\u00e5got inl\u00e4gg lite senare f\u00f6r nu ska jag hoppa i poolen <img decoding=\"async\" src=\"\/client\/framework\/smileys\/blink.gif\" \/><\/p>\n<p>Den fula bilden \u00e4r fr\u00e5n g\u00e5rdagen d\u00e5 vi var ute och k\u00e4kade middag med Paige och Louise tv\u00e5 as vilda britter fr\u00e5n hotellet. Tanten \u00e4r \u00e4garen till restaurangen och hon \u00e4r as vild haha!<\/p>\n","protected":false},"excerpt":{"rendered":"<p>OMFG! Idag \u00e4r v\u00e4rmen extrem, svettas ihj\u00e4l!!!! Jag och Jennifer sitter och kollar bloggar och instagrammar medans perris ligger vid poolen. De har ju br\u00e5kat hela resan vilket varit skit jobbigt f\u00f6r mig. Hatar n\u00e4r folk inte kommer \u00f6verens! Imorgon \u00e5ker vi hem men Jennifer stannar en vecka till d\u00e5 hon tr\u00e4ffat massa svenska v\u00e4nner &#8230; <a title=\"Sista dagen h\u00e4r&#8230;\" class=\"read-more\" href=\"https:\/\/blogg.improveme.se\/rosannacharles\/2012\/09\/16\/sista-dagen-har\/\" aria-label=\"L\u00e4s mer om Sista dagen h\u00e4r&#8230;\">L\u00e4s mer<\/a><\/p>\n","protected":false},"author":4106,"featured_media":0,"comment_status":"open","ping_status":"open","sticky":false,"template":"","format":"standard","meta":{"footnotes":""},"categories":[1],"tags":[],"class_list":["post-5516","post","type-post","status-publish","format-standard","hentry","category-okategoriserad"],"_links":{"self":[{"href":"https:\/\/blogg.improveme.se\/rosannacharles\/wp-json\/wp\/v2\/posts\/5516","targetHints":{"allow":["GET"]}}],"collection":[{"href":"https:\/\/blogg.improveme.se\/rosannacharles\/wp-json\/wp\/v2\/posts"}],"about":[{"href":"https:\/\/blogg.improveme.se\/rosannacharles\/wp-json\/wp\/v2\/types\/post"}],"author":[{"embeddable":true,"href":"https:\/\/blogg.improveme.se\/rosannacharles\/wp-json\/wp\/v2\/users\/4106"}],"replies":[{"embeddable":true,"href":"https:\/\/blogg.improveme.se\/rosannacharles\/wp-json\/wp\/v2\/comments?post=5516"}],"version-history":[{"count":0,"href":"https:\/\/blogg.improveme.se\/rosannacharles\/wp-json\/wp\/v2\/posts\/5516\/revisions"}],"wp:attachment":[{"href":"https:\/\/blogg.improveme.se\/rosannacharles\/wp-json\/wp\/v2\/media?parent=5516"}],"wp:term":[{"taxonomy":"category","embeddable":true,"href":"https:\/\/blogg.improveme.se\/rosannacharles\/wp-json\/wp\/v2\/categories?post=5516"},{"taxonomy":"post_tag","embeddable":true,"href":"https:\/\/blogg.improveme.se\/rosannacharles\/wp-json\/wp\/v2\/tags?post=5516"}],"curies":[{"name":"wp","href":"https:\/\/api.w.org\/{rel}","templated":true}]}}