{"id":5524,"date":"2012-09-14T19:15:00","date_gmt":"2012-09-14T17:15:00","guid":{"rendered":"http:\/\/blogg.improveme.se\/rosannacharles\/2012\/09\/14\/fredag-i-cypern\/"},"modified":"2012-09-14T19:15:00","modified_gmt":"2012-09-14T17:15:00","slug":"fredag-i-cypern","status":"publish","type":"post","link":"https:\/\/blogg.improveme.se\/rosannacharles\/2012\/09\/14\/fredag-i-cypern\/","title":{"rendered":"Fredag i Cypern"},"content":{"rendered":"<p>\t\t\t\t<img decoding=\"async\" src=\"http:\/\/improveme.se\/i\/rosanna\/1533580.jpg\" border=\"0\" alt=\"\" style=\"display: block; margin-left: auto; margin-right: auto;\" \/><\/p>\n<p>Hej p\u00e5 er!<\/p>\n<p> Hoppas att v\u00e4dret i Sverige inte \u00e4r vidrigt f\u00f6r d\u00e5 tycker jag v\u00e4ldigt synd om er h\u00e4h\u00e4..<\/p>\n<p> H\u00e4r har det varit sjukt varmt hela dagen s\u00e5 vi har h\u00e4ngt p\u00e5 Nissi Beach i flera timmar. Jag k\u00f6pte en h\u00e4rlig luftmadrass som vi fl\u00f6t runt p\u00e5.<\/p>\n<p> Jennifer har bott p\u00e5 toaletten, hon \u00e4r tydligen d\u00e5lig i magen. Det \u00e4r skit roligt att titta p\u00e5 haha. Allts\u00e5 inte n\u00e4r hon skiter utan sekunderna innan n\u00e4r hon vet med sig att hon n\u00e4stan kommer skita p\u00e5 sig HAHA!<\/p>\n<p> Nu sitter vi p\u00e5 baren brevid hotellet och rockar internet Medans vi v\u00e4ntar p\u00e5 Paige och Lousie v\u00e5ra vilda brittiska v\u00e4nner. Vi ska ut och \u00e4ta p\u00e5 n\u00e5gon mysig restaurang. <\/p>\n<p> Perris \u00e4r kl\u00e4dd som en riktig B\u00f6g idag haha. Pungen h\u00e4nger typ ut fr\u00e5n shortsen haha!<\/p>\n","protected":false},"excerpt":{"rendered":"<p>Hej p\u00e5 er! Hoppas att v\u00e4dret i Sverige inte \u00e4r vidrigt f\u00f6r d\u00e5 tycker jag v\u00e4ldigt synd om er h\u00e4h\u00e4.. H\u00e4r har det varit sjukt varmt hela dagen s\u00e5 vi har h\u00e4ngt p\u00e5 Nissi Beach i flera timmar. Jag k\u00f6pte en h\u00e4rlig luftmadrass som vi fl\u00f6t runt p\u00e5. Jennifer har bott p\u00e5 toaletten, hon \u00e4r &#8230; <a title=\"Fredag i Cypern\" class=\"read-more\" href=\"https:\/\/blogg.improveme.se\/rosannacharles\/2012\/09\/14\/fredag-i-cypern\/\" aria-label=\"L\u00e4s mer om Fredag i Cypern\">L\u00e4s mer<\/a><\/p>\n","protected":false},"author":4106,"featured_media":0,"comment_status":"open","ping_status":"open","sticky":false,"template":"","format":"standard","meta":{"footnotes":""},"categories":[1],"tags":[],"class_list":["post-5524","post","type-post","status-publish","format-standard","hentry","category-okategoriserad"],"_links":{"self":[{"href":"https:\/\/blogg.improveme.se\/rosannacharles\/wp-json\/wp\/v2\/posts\/5524","targetHints":{"allow":["GET"]}}],"collection":[{"href":"https:\/\/blogg.improveme.se\/rosannacharles\/wp-json\/wp\/v2\/posts"}],"about":[{"href":"https:\/\/blogg.improveme.se\/rosannacharles\/wp-json\/wp\/v2\/types\/post"}],"author":[{"embeddable":true,"href":"https:\/\/blogg.improveme.se\/rosannacharles\/wp-json\/wp\/v2\/users\/4106"}],"replies":[{"embeddable":true,"href":"https:\/\/blogg.improveme.se\/rosannacharles\/wp-json\/wp\/v2\/comments?post=5524"}],"version-history":[{"count":0,"href":"https:\/\/blogg.improveme.se\/rosannacharles\/wp-json\/wp\/v2\/posts\/5524\/revisions"}],"wp:attachment":[{"href":"https:\/\/blogg.improveme.se\/rosannacharles\/wp-json\/wp\/v2\/media?parent=5524"}],"wp:term":[{"taxonomy":"category","embeddable":true,"href":"https:\/\/blogg.improveme.se\/rosannacharles\/wp-json\/wp\/v2\/categories?post=5524"},{"taxonomy":"post_tag","embeddable":true,"href":"https:\/\/blogg.improveme.se\/rosannacharles\/wp-json\/wp\/v2\/tags?post=5524"}],"curies":[{"name":"wp","href":"https:\/\/api.w.org\/{rel}","templated":true}]}}