{"id":5573,"date":"2012-09-01T12:23:00","date_gmt":"2012-09-01T10:23:00","guid":{"rendered":"http:\/\/blogg.improveme.se\/rosannacharles\/2012\/09\/01\/dagen-efter-lunchen\/"},"modified":"2012-09-01T12:23:00","modified_gmt":"2012-09-01T10:23:00","slug":"dagen-efter-lunchen","status":"publish","type":"post","link":"https:\/\/blogg.improveme.se\/rosannacharles\/2012\/09\/01\/dagen-efter-lunchen\/","title":{"rendered":"Dagen efter lunchen&#8230;"},"content":{"rendered":"<p>Nu har vi \u00e4ntligen stigit upp ur s\u00e4ngen, jag, Jennifer och Perris. Vi hade sjukt roligt ig\u00e5r och bes\u00f6kte diverse st\u00e4llen som PURE, Solidaritet och Hells Kitchen.\u00a0<\/p>\n<p>Var inte ute s\u00e5 l\u00e4nge d\u00e5 jag inte pallar m\u00e5 d\u00e5ligt idag. Nu ska Jennifer och Perriis f\u00e5 f\u00f6lja med p\u00e5 v\u00e5r &#8221;dagen efter lunch&#8221;. Det \u00e4r s\u00e5 att alla s\u00f6dertjejer m\u00f6ts p\u00e5 n\u00e5gon restaurang och g\u00e5r igenom g\u00e5rdagen i detalj. Vem l\u00e5g med vem? Vilka hade efterfest osv&#8230; Skit roligt faktiskt!<\/p>\n<p>Idag \u00e4r det fokus p\u00e5 Mickis d\u00e5 hon tydligen varit vildast inatt <img decoding=\"async\" src=\"\/client\/framework\/smileys\/blink.gif\" \/><\/p>\n<p><img decoding=\"async\" src=\"http:\/\/imgs.sthlmsfinest.com\/imageGalleryImages\/scaled\/577334_729_532_1.jpg\" border=\"0\" \/><\/p>\n<p style=\"text-align: center;\">Jag och b\u00e4sta Chrille ig\u00e5r &#8211; Foto: Julia Dansarie<\/p>\n","protected":false},"excerpt":{"rendered":"<p>Nu har vi \u00e4ntligen stigit upp ur s\u00e4ngen, jag, Jennifer och Perris. Vi hade sjukt roligt ig\u00e5r och bes\u00f6kte diverse st\u00e4llen som PURE, Solidaritet och Hells Kitchen.\u00a0 Var inte ute s\u00e5 l\u00e4nge d\u00e5 jag inte pallar m\u00e5 d\u00e5ligt idag. Nu ska Jennifer och Perriis f\u00e5 f\u00f6lja med p\u00e5 v\u00e5r &#8221;dagen efter lunch&#8221;. Det \u00e4r s\u00e5 &#8230; <a title=\"Dagen efter lunchen&#8230;\" class=\"read-more\" href=\"https:\/\/blogg.improveme.se\/rosannacharles\/2012\/09\/01\/dagen-efter-lunchen\/\" aria-label=\"L\u00e4s mer om Dagen efter lunchen&#8230;\">L\u00e4s mer<\/a><\/p>\n","protected":false},"author":4106,"featured_media":0,"comment_status":"open","ping_status":"open","sticky":false,"template":"","format":"standard","meta":{"footnotes":""},"categories":[1],"tags":[],"class_list":["post-5573","post","type-post","status-publish","format-standard","hentry","category-okategoriserad"],"_links":{"self":[{"href":"https:\/\/blogg.improveme.se\/rosannacharles\/wp-json\/wp\/v2\/posts\/5573","targetHints":{"allow":["GET"]}}],"collection":[{"href":"https:\/\/blogg.improveme.se\/rosannacharles\/wp-json\/wp\/v2\/posts"}],"about":[{"href":"https:\/\/blogg.improveme.se\/rosannacharles\/wp-json\/wp\/v2\/types\/post"}],"author":[{"embeddable":true,"href":"https:\/\/blogg.improveme.se\/rosannacharles\/wp-json\/wp\/v2\/users\/4106"}],"replies":[{"embeddable":true,"href":"https:\/\/blogg.improveme.se\/rosannacharles\/wp-json\/wp\/v2\/comments?post=5573"}],"version-history":[{"count":0,"href":"https:\/\/blogg.improveme.se\/rosannacharles\/wp-json\/wp\/v2\/posts\/5573\/revisions"}],"wp:attachment":[{"href":"https:\/\/blogg.improveme.se\/rosannacharles\/wp-json\/wp\/v2\/media?parent=5573"}],"wp:term":[{"taxonomy":"category","embeddable":true,"href":"https:\/\/blogg.improveme.se\/rosannacharles\/wp-json\/wp\/v2\/categories?post=5573"},{"taxonomy":"post_tag","embeddable":true,"href":"https:\/\/blogg.improveme.se\/rosannacharles\/wp-json\/wp\/v2\/tags?post=5573"}],"curies":[{"name":"wp","href":"https:\/\/api.w.org\/{rel}","templated":true}]}}