{"id":5575,"date":"2012-08-31T16:36:00","date_gmt":"2012-08-31T14:36:00","guid":{"rendered":"http:\/\/blogg.improveme.se\/rosannacharles\/2012\/08\/31\/forfesta-med-oss-ikvall\/"},"modified":"2012-08-31T16:36:00","modified_gmt":"2012-08-31T14:36:00","slug":"forfesta-med-oss-ikvall","status":"publish","type":"post","link":"https:\/\/blogg.improveme.se\/rosannacharles\/2012\/08\/31\/forfesta-med-oss-ikvall\/","title":{"rendered":"F\u00f6rfesta med oss ikv\u00e4ll!"},"content":{"rendered":"<p>Just ja, hade gl\u00f6mt att ber\u00e4tta f\u00f6r er hufvudstadsbor att jag och Jennifer mfl kommer att befinna oss Liljeholmen ikv\u00e4ll n\u00e4rmare best\u00e4mt p\u00e5 Sabor Latino (Liljeholmstorget 3 vid Gallerian). D\u00e4r kommer vi att h\u00e5lla en h\u00e4rlig f\u00f6rfest med dj p\u00e5 uteserveringen och massvis med f\u00f6rfriskningar. Ni \u00e4r alla v\u00e4lkommna mellan 21-01 &#8211; k\u00e4nns sk\u00f6nt att komma utanf\u00f6r stan och festa lite <img decoding=\"async\" src=\"\/client\/framework\/smileys\/happy.gif\" \/><\/p>\n<p>Egentligen skulle jag \u00e5kt p\u00e5 kryssning med mina \u00e4lskade barndomsv\u00e4nner fr\u00e5n s\u00f6der. Min killkompis Rocky ska flytta till Dubai och det skulle firas med kryssning f\u00f6r typ 60pers men tyv\u00e4rr var jag tvungen att st\u00e4lla in pga jobb imorgonbitti. Mickis och Amanda skulle tydligen jobba \u00f6ver ikv\u00e4ll s\u00e5 de kommer f\u00f6rmodligen f\u00f6rbi oss och tar en drink senare!<\/p>\n<p>Hoppas iaf att de har en fantastisk kv\u00e4ll p\u00e5 b\u00e5ten och att de festar f\u00f6r oss med! &lt;3<\/p>\n<p><img decoding=\"async\" src=\"http:\/\/imgs.sthlmsfinest.com\/imageGalleryImages\/scaled\/557843_729_488_1.jpg\" border=\"0\" \/><\/p>\n<p>\u00a0<\/p>\n","protected":false},"excerpt":{"rendered":"<p>Just ja, hade gl\u00f6mt att ber\u00e4tta f\u00f6r er hufvudstadsbor att jag och Jennifer mfl kommer att befinna oss Liljeholmen ikv\u00e4ll n\u00e4rmare best\u00e4mt p\u00e5 Sabor Latino (Liljeholmstorget 3 vid Gallerian). D\u00e4r kommer vi att h\u00e5lla en h\u00e4rlig f\u00f6rfest med dj p\u00e5 uteserveringen och massvis med f\u00f6rfriskningar. Ni \u00e4r alla v\u00e4lkommna mellan 21-01 &#8211; k\u00e4nns sk\u00f6nt att &#8230; <a title=\"F\u00f6rfesta med oss ikv\u00e4ll!\" class=\"read-more\" href=\"https:\/\/blogg.improveme.se\/rosannacharles\/2012\/08\/31\/forfesta-med-oss-ikvall\/\" aria-label=\"L\u00e4s mer om F\u00f6rfesta med oss ikv\u00e4ll!\">L\u00e4s mer<\/a><\/p>\n","protected":false},"author":4106,"featured_media":0,"comment_status":"open","ping_status":"open","sticky":false,"template":"","format":"standard","meta":{"footnotes":""},"categories":[1],"tags":[],"class_list":["post-5575","post","type-post","status-publish","format-standard","hentry","category-okategoriserad"],"_links":{"self":[{"href":"https:\/\/blogg.improveme.se\/rosannacharles\/wp-json\/wp\/v2\/posts\/5575","targetHints":{"allow":["GET"]}}],"collection":[{"href":"https:\/\/blogg.improveme.se\/rosannacharles\/wp-json\/wp\/v2\/posts"}],"about":[{"href":"https:\/\/blogg.improveme.se\/rosannacharles\/wp-json\/wp\/v2\/types\/post"}],"author":[{"embeddable":true,"href":"https:\/\/blogg.improveme.se\/rosannacharles\/wp-json\/wp\/v2\/users\/4106"}],"replies":[{"embeddable":true,"href":"https:\/\/blogg.improveme.se\/rosannacharles\/wp-json\/wp\/v2\/comments?post=5575"}],"version-history":[{"count":0,"href":"https:\/\/blogg.improveme.se\/rosannacharles\/wp-json\/wp\/v2\/posts\/5575\/revisions"}],"wp:attachment":[{"href":"https:\/\/blogg.improveme.se\/rosannacharles\/wp-json\/wp\/v2\/media?parent=5575"}],"wp:term":[{"taxonomy":"category","embeddable":true,"href":"https:\/\/blogg.improveme.se\/rosannacharles\/wp-json\/wp\/v2\/categories?post=5575"},{"taxonomy":"post_tag","embeddable":true,"href":"https:\/\/blogg.improveme.se\/rosannacharles\/wp-json\/wp\/v2\/tags?post=5575"}],"curies":[{"name":"wp","href":"https:\/\/api.w.org\/{rel}","templated":true}]}}