{"id":5576,"date":"2012-08-31T11:24:00","date_gmt":"2012-08-31T09:24:00","guid":{"rendered":"http:\/\/blogg.improveme.se\/rosannacharles\/2012\/08\/31\/jag-vill-att-ditt-hem-blir-dar-jag-hanger-min-hatt\/"},"modified":"2012-08-31T11:24:00","modified_gmt":"2012-08-31T09:24:00","slug":"jag-vill-att-ditt-hem-blir-dar-jag-hanger-min-hatt","status":"publish","type":"post","link":"https:\/\/blogg.improveme.se\/rosannacharles\/2012\/08\/31\/jag-vill-att-ditt-hem-blir-dar-jag-hanger-min-hatt\/","title":{"rendered":"&#8221;Jag vill att ditt hem blir d\u00e4r jag h\u00e4nger min hatt&#8221;"},"content":{"rendered":"<p>Allts\u00e5 \u00e4rligt talat mina v\u00e4nner, hur bra \u00e4r\u00a0Norlie&amp;KKV? Jag kan inte sluta lyssna p\u00e5 &#8221;D\u00e4r jag h\u00e4nger min hatt&#8221; &#8211; den g\u00e5r p\u00e5 repeat h\u00e4r p\u00e5 jobbet och jag \u00e4lskar det!<\/p>\n<p>Jag minns f\u00f6r n\u00e5gra \u00e5r sedan n\u00e4r Lazee hade sin releasefest p\u00e5 Sturecompagniet och jag fick tr\u00e4ffa Kim f\u00f6r f\u00f6rsta g\u00e5ngen. D\u00e5 hade de inte ens sl\u00e4ppt sin f\u00f6rsta singel. Minns hur s\u00f6t och of\u00f6rst\u00f6rd han var, en liten blyg kille &#8211; minns att jag intervjuade honom f\u00f6r n\u00e5got ocks\u00e5&#8230; De har verkligen vuxit i mina \u00f6gon b\u00e5de utseendem\u00e4ssigt och inom musiken.<\/p>\n<p style=\"text-align: center;\">Tr\u00e4ffade grabbarna p\u00e5 Rockbj\u00f6rnen och gav dem lite credd f\u00f6r det \u00e4r de fan v\u00e4rda!<\/p>\n<p style=\"text-align: center;\"><img decoding=\"async\" src=\"http:\/\/www.campus48h.se\/wp-content\/uploads\/2012\/03\/image_hook-1.php_.jpeg\" border=\"0\" \/><\/p>\n","protected":false},"excerpt":{"rendered":"<p>Allts\u00e5 \u00e4rligt talat mina v\u00e4nner, hur bra \u00e4r\u00a0Norlie&amp;KKV? Jag kan inte sluta lyssna p\u00e5 &#8221;D\u00e4r jag h\u00e4nger min hatt&#8221; &#8211; den g\u00e5r p\u00e5 repeat h\u00e4r p\u00e5 jobbet och jag \u00e4lskar det! Jag minns f\u00f6r n\u00e5gra \u00e5r sedan n\u00e4r Lazee hade sin releasefest p\u00e5 Sturecompagniet och jag fick tr\u00e4ffa Kim f\u00f6r f\u00f6rsta g\u00e5ngen. D\u00e5 hade de &#8230; <a title=\"&#8221;Jag vill att ditt hem blir d\u00e4r jag h\u00e4nger min hatt&#8221;\" class=\"read-more\" href=\"https:\/\/blogg.improveme.se\/rosannacharles\/2012\/08\/31\/jag-vill-att-ditt-hem-blir-dar-jag-hanger-min-hatt\/\" aria-label=\"L\u00e4s mer om &#8221;Jag vill att ditt hem blir d\u00e4r jag h\u00e4nger min hatt&#8221;\">L\u00e4s mer<\/a><\/p>\n","protected":false},"author":4106,"featured_media":0,"comment_status":"open","ping_status":"open","sticky":false,"template":"","format":"standard","meta":{"footnotes":""},"categories":[1],"tags":[],"class_list":["post-5576","post","type-post","status-publish","format-standard","hentry","category-okategoriserad"],"_links":{"self":[{"href":"https:\/\/blogg.improveme.se\/rosannacharles\/wp-json\/wp\/v2\/posts\/5576","targetHints":{"allow":["GET"]}}],"collection":[{"href":"https:\/\/blogg.improveme.se\/rosannacharles\/wp-json\/wp\/v2\/posts"}],"about":[{"href":"https:\/\/blogg.improveme.se\/rosannacharles\/wp-json\/wp\/v2\/types\/post"}],"author":[{"embeddable":true,"href":"https:\/\/blogg.improveme.se\/rosannacharles\/wp-json\/wp\/v2\/users\/4106"}],"replies":[{"embeddable":true,"href":"https:\/\/blogg.improveme.se\/rosannacharles\/wp-json\/wp\/v2\/comments?post=5576"}],"version-history":[{"count":0,"href":"https:\/\/blogg.improveme.se\/rosannacharles\/wp-json\/wp\/v2\/posts\/5576\/revisions"}],"wp:attachment":[{"href":"https:\/\/blogg.improveme.se\/rosannacharles\/wp-json\/wp\/v2\/media?parent=5576"}],"wp:term":[{"taxonomy":"category","embeddable":true,"href":"https:\/\/blogg.improveme.se\/rosannacharles\/wp-json\/wp\/v2\/categories?post=5576"},{"taxonomy":"post_tag","embeddable":true,"href":"https:\/\/blogg.improveme.se\/rosannacharles\/wp-json\/wp\/v2\/tags?post=5576"}],"curies":[{"name":"wp","href":"https:\/\/api.w.org\/{rel}","templated":true}]}}