{"id":5611,"date":"2012-08-22T13:12:00","date_gmt":"2012-08-22T11:12:00","guid":{"rendered":"http:\/\/blogg.improveme.se\/rosannacharles\/2012\/08\/22\/alskar-mina-nya-naglar\/"},"modified":"2012-08-22T13:12:00","modified_gmt":"2012-08-22T11:12:00","slug":"alskar-mina-nya-naglar","status":"publish","type":"post","link":"https:\/\/blogg.improveme.se\/rosannacharles\/2012\/08\/22\/alskar-mina-nya-naglar\/","title":{"rendered":""},"content":{"rendered":"<p>Som ni s\u00e4kert minns gjorde jag ALLTID mina naglar f\u00f6rut. Var helt besatt och fyllde p\u00e5 med gel\u00e9 eller akryl var tredje vecka. Jag har inte t\u00e4nkt p\u00e5 att fixa naglarna p\u00e5 flera m\u00e5nader men f\u00f6rra veclan slog det mig att fy vad fult det \u00e4r med korta om\u00e5lade naglar. Jag ringde Lidia p\u00e5 direkten och bokade in en tid &#8211; visst blev det snyggt?<\/p>\n<p>Vill ni ocks\u00e5 g\u00f6ra lika snygga naglar som mig s\u00e5 hittar ni S\u00f6ders P\u00e4rla p\u00e5 Renstiernas Gata 13&#8230;<\/p>\n<p style=\"text-align: center;\">BOKA H<\/p>\n","protected":false},"excerpt":{"rendered":"<p>Som ni s\u00e4kert minns gjorde jag ALLTID mina naglar f\u00f6rut. Var helt besatt och fyllde p\u00e5 med gel\u00e9 eller akryl var tredje vecka. Jag har inte t\u00e4nkt p\u00e5 att fixa naglarna p\u00e5 flera m\u00e5nader men f\u00f6rra veclan slog det mig att fy vad fult det \u00e4r med korta om\u00e5lade naglar. Jag ringde Lidia p\u00e5 direkten &#8230; <a title=\"\" class=\"read-more\" href=\"https:\/\/blogg.improveme.se\/rosannacharles\/2012\/08\/22\/alskar-mina-nya-naglar\/\" aria-label=\"L\u00e4s mer om \">L\u00e4s mer<\/a><\/p>\n","protected":false},"author":4106,"featured_media":0,"comment_status":"open","ping_status":"open","sticky":false,"template":"","format":"standard","meta":{"footnotes":""},"categories":[1],"tags":[],"class_list":["post-5611","post","type-post","status-publish","format-standard","hentry","category-okategoriserad"],"_links":{"self":[{"href":"https:\/\/blogg.improveme.se\/rosannacharles\/wp-json\/wp\/v2\/posts\/5611","targetHints":{"allow":["GET"]}}],"collection":[{"href":"https:\/\/blogg.improveme.se\/rosannacharles\/wp-json\/wp\/v2\/posts"}],"about":[{"href":"https:\/\/blogg.improveme.se\/rosannacharles\/wp-json\/wp\/v2\/types\/post"}],"author":[{"embeddable":true,"href":"https:\/\/blogg.improveme.se\/rosannacharles\/wp-json\/wp\/v2\/users\/4106"}],"replies":[{"embeddable":true,"href":"https:\/\/blogg.improveme.se\/rosannacharles\/wp-json\/wp\/v2\/comments?post=5611"}],"version-history":[{"count":0,"href":"https:\/\/blogg.improveme.se\/rosannacharles\/wp-json\/wp\/v2\/posts\/5611\/revisions"}],"wp:attachment":[{"href":"https:\/\/blogg.improveme.se\/rosannacharles\/wp-json\/wp\/v2\/media?parent=5611"}],"wp:term":[{"taxonomy":"category","embeddable":true,"href":"https:\/\/blogg.improveme.se\/rosannacharles\/wp-json\/wp\/v2\/categories?post=5611"},{"taxonomy":"post_tag","embeddable":true,"href":"https:\/\/blogg.improveme.se\/rosannacharles\/wp-json\/wp\/v2\/tags?post=5611"}],"curies":[{"name":"wp","href":"https:\/\/api.w.org\/{rel}","templated":true}]}}