{"id":5614,"date":"2012-08-22T01:25:00","date_gmt":"2012-08-21T23:25:00","guid":{"rendered":"http:\/\/blogg.improveme.se\/rosannacharles\/2012\/08\/22\/natt-poeten-har-talat\/"},"modified":"2012-08-22T01:25:00","modified_gmt":"2012-08-21T23:25:00","slug":"natt-poeten-har-talat","status":"publish","type":"post","link":"https:\/\/blogg.improveme.se\/rosannacharles\/2012\/08\/22\/natt-poeten-har-talat\/","title":{"rendered":"Natt poeten har talat"},"content":{"rendered":"<p>\t\t\t\t<img decoding=\"async\" src=\"http:\/\/improveme.se\/i\/rosanna\/1497890.jpg\" border=\"0\" alt=\"\" style=\"display: block; margin-left: auto; margin-right: auto;\" \/><\/p>\n<p>Ligger i s\u00e4ngen och funderar \u00f6ver vad jag vill g\u00f6ra med mitt liv. Man f\u00e5r ofta den fr\u00e5gan men det k\u00e4nns som om jag aldrig har n\u00e5got vettigt svar&#8230;<\/p>\n<p> Jag har ett jobb som jag \u00e4r riktigt duktig p\u00e5, b\u00e4st av alla p\u00e5 mitt kontor om jag ska vara \u00e4rlig men \u00e4nd\u00e5 \u00e4r det inte det jag vill g\u00f6ra.<\/p>\n<p> Jag har en l\u00e4genhet mitt i stan men jag trivs inte hemma f\u00f6r 5\u00f6re.<\/p>\n<p> Jag har den b\u00e4sta mamman ett barn kan \u00f6nska sig!<\/p>\n<p> S\u00e5 egentligen ska jag vara tyst f\u00f6r s\u00e5 \u00e4r det i Sverige. Man ska vara glad med det lilla man har. <\/p>\n<p> Det b\u00e4sta som finns \u00e4r blattar som lyckas. De som kommit till Sverige och bara anv\u00e4nt sina hj\u00e4rnor till n\u00e5got vettigt och blivit miljon\u00e4rer. Jag beundrar dem!<\/p>\n<p> Jag vill utvecklas mer men det k\u00e4nns som att det \u00e4r k\u00f6rt i Sverige. Funderar p\u00e5 om man ska flytta utomlands \u00f6ver vinter halv\u00e5ret (dr\u00f6mmen att slippa kylan) typ till Dubai eller USA, d\u00e4r har jag v\u00e4nner som bor och jobbar!<\/p>\n<p> Vill testa n\u00e5got nytt, det \u00e4r samma gamla grejer som h\u00e4nder varenda j\u00e4vla vecka. Vill inte leva ett s\u00e5nt liv! <\/p>\n<p> Det b\u00e4sta som finns \u00e4r att tr\u00e4ffa drivna m\u00e4nniskor, det g\u00f6r s\u00e5 mycket med en sj\u00e4lv. M\u00e4nniskor som f\u00e5r en att st\u00e4ndigt utvecklas och l\u00e4ra sig nya saker.<\/p>\n<p> Just nu k\u00e4nns det inte som om jag har speciellt m\u00e5nga s\u00e5dana runt mig och det suger. Jag har en grej p\u00e5 g\u00e5ng med en v\u00e4n till mig som 110% kommer att bli bra men det tar lite tid och t\u00e5lamod har jag inte tyv\u00e4rr inte just nu&#8230;<\/p>\n<p> Skulle bara vilja skriva ut saker jag gjort h\u00e4r som skulle f\u00e5 er att tappa hakan men det g\u00e5r lixom inte. Man kan inte bevisa n\u00e5got f\u00f6r n\u00e5gon som bara l\u00e4st om en. <\/p>\n","protected":false},"excerpt":{"rendered":"<p>Ligger i s\u00e4ngen och funderar \u00f6ver vad jag vill g\u00f6ra med mitt liv. Man f\u00e5r ofta den fr\u00e5gan men det k\u00e4nns som om jag aldrig har n\u00e5got vettigt svar&#8230; Jag har ett jobb som jag \u00e4r riktigt duktig p\u00e5, b\u00e4st av alla p\u00e5 mitt kontor om jag ska vara \u00e4rlig men \u00e4nd\u00e5 \u00e4r det inte &#8230; <a title=\"Natt poeten har talat\" class=\"read-more\" href=\"https:\/\/blogg.improveme.se\/rosannacharles\/2012\/08\/22\/natt-poeten-har-talat\/\" aria-label=\"L\u00e4s mer om Natt poeten har talat\">L\u00e4s mer<\/a><\/p>\n","protected":false},"author":4106,"featured_media":0,"comment_status":"open","ping_status":"open","sticky":false,"template":"","format":"standard","meta":{"footnotes":""},"categories":[1],"tags":[],"class_list":["post-5614","post","type-post","status-publish","format-standard","hentry","category-okategoriserad"],"_links":{"self":[{"href":"https:\/\/blogg.improveme.se\/rosannacharles\/wp-json\/wp\/v2\/posts\/5614","targetHints":{"allow":["GET"]}}],"collection":[{"href":"https:\/\/blogg.improveme.se\/rosannacharles\/wp-json\/wp\/v2\/posts"}],"about":[{"href":"https:\/\/blogg.improveme.se\/rosannacharles\/wp-json\/wp\/v2\/types\/post"}],"author":[{"embeddable":true,"href":"https:\/\/blogg.improveme.se\/rosannacharles\/wp-json\/wp\/v2\/users\/4106"}],"replies":[{"embeddable":true,"href":"https:\/\/blogg.improveme.se\/rosannacharles\/wp-json\/wp\/v2\/comments?post=5614"}],"version-history":[{"count":0,"href":"https:\/\/blogg.improveme.se\/rosannacharles\/wp-json\/wp\/v2\/posts\/5614\/revisions"}],"wp:attachment":[{"href":"https:\/\/blogg.improveme.se\/rosannacharles\/wp-json\/wp\/v2\/media?parent=5614"}],"wp:term":[{"taxonomy":"category","embeddable":true,"href":"https:\/\/blogg.improveme.se\/rosannacharles\/wp-json\/wp\/v2\/categories?post=5614"},{"taxonomy":"post_tag","embeddable":true,"href":"https:\/\/blogg.improveme.se\/rosannacharles\/wp-json\/wp\/v2\/tags?post=5614"}],"curies":[{"name":"wp","href":"https:\/\/api.w.org\/{rel}","templated":true}]}}