{"id":5634,"date":"2012-08-17T13:54:00","date_gmt":"2012-08-17T11:54:00","guid":{"rendered":"http:\/\/blogg.improveme.se\/rosannacharles\/2012\/08\/17\/im-going-back-to-black\/"},"modified":"2012-08-17T13:54:00","modified_gmt":"2012-08-17T11:54:00","slug":"im-going-back-to-black","status":"publish","type":"post","link":"https:\/\/blogg.improveme.se\/rosannacharles\/2012\/08\/17\/im-going-back-to-black\/","title":{"rendered":"Im going back to BLACK!"},"content":{"rendered":"<p style=\"outline: 0px; padding: 0px; border: none;\">Jag lyssnade givetvis p\u00e5 majoriteten av er och g\u00e5r tillbaka till svart h\u00e5r idag. Jag har sj\u00e4lv funderat p\u00e5 det v\u00e4ldigt l\u00e4nge d\u00e5 jag tycker att jag ser f\u00f6r ung ut i ljust h\u00e5r.<\/p>\n<p style=\"outline: 0px; padding: 0px; border: none;\">Sen rekomenderar jag inte att bleka ner h\u00e5ret hela tiden f\u00f6r det sliter som f**n. P\u00e5 mindre \u00e4n ett \u00e5r har mitt h\u00e5r g\u00e5tt av 20 decimeter och det \u00e4r ju helt sinnessjukt!<\/p>\n<p style=\"outline: 0px; padding: 0px; border: none;\">Ska k\u00f6ra p\u00e5 svart nu i minst ett \u00e5r och l\u00e5ta mitt h\u00e5r v\u00e4xa ut&#8230;.<\/p>\n<p style=\"outline: 0px; padding: 0px; border: none; text-align: center;\">Jag och Dessie p\u00e5 Collage f\u00f6r n\u00e5gra \u00e5r sedan n\u00e4r jag hade svart l\u00e5ngt h\u00e5r. F\u00f6ressten hur snygg \u00e4r inte hon? V\u00e4rldens perfektaste kropp med kurvor och l\u00e5nga ben. Sen \u00e4r hon ju sjukt snygg i ansiktet ocks\u00e5!<\/p>\n<p style=\"outline: 0px; padding: 0px; border: none; text-align: center;\">Minns n\u00e4r en os\u00e4ker anorektisk bloggerska sa att Dessie var tjock och ful f\u00f6r att hon skulle k\u00e4nna sig snyggare sj\u00e4lv&#8230; \u00a0S\u00e5 pinsamt!<\/p>\n<p style=\"outline: 0px; padding: 0px; border: none; text-align: center;\"><img decoding=\"async\" src=\"http:\/\/s.improveme.se\/data\/filearchive\/220773.500x0.jpg\" border=\"0\" style=\"outline: 0px; margin: 0px; padding: 0px; border-style: none;\" \/><\/p>\n","protected":false},"excerpt":{"rendered":"<p>Jag lyssnade givetvis p\u00e5 majoriteten av er och g\u00e5r tillbaka till svart h\u00e5r idag. Jag har sj\u00e4lv funderat p\u00e5 det v\u00e4ldigt l\u00e4nge d\u00e5 jag tycker att jag ser f\u00f6r ung ut i ljust h\u00e5r. Sen rekomenderar jag inte att bleka ner h\u00e5ret hela tiden f\u00f6r det sliter som f**n. P\u00e5 mindre \u00e4n ett \u00e5r har &#8230; <a title=\"Im going back to BLACK!\" class=\"read-more\" href=\"https:\/\/blogg.improveme.se\/rosannacharles\/2012\/08\/17\/im-going-back-to-black\/\" aria-label=\"L\u00e4s mer om Im going back to BLACK!\">L\u00e4s mer<\/a><\/p>\n","protected":false},"author":4106,"featured_media":0,"comment_status":"open","ping_status":"open","sticky":false,"template":"","format":"standard","meta":{"footnotes":""},"categories":[1],"tags":[],"class_list":["post-5634","post","type-post","status-publish","format-standard","hentry","category-okategoriserad"],"_links":{"self":[{"href":"https:\/\/blogg.improveme.se\/rosannacharles\/wp-json\/wp\/v2\/posts\/5634","targetHints":{"allow":["GET"]}}],"collection":[{"href":"https:\/\/blogg.improveme.se\/rosannacharles\/wp-json\/wp\/v2\/posts"}],"about":[{"href":"https:\/\/blogg.improveme.se\/rosannacharles\/wp-json\/wp\/v2\/types\/post"}],"author":[{"embeddable":true,"href":"https:\/\/blogg.improveme.se\/rosannacharles\/wp-json\/wp\/v2\/users\/4106"}],"replies":[{"embeddable":true,"href":"https:\/\/blogg.improveme.se\/rosannacharles\/wp-json\/wp\/v2\/comments?post=5634"}],"version-history":[{"count":0,"href":"https:\/\/blogg.improveme.se\/rosannacharles\/wp-json\/wp\/v2\/posts\/5634\/revisions"}],"wp:attachment":[{"href":"https:\/\/blogg.improveme.se\/rosannacharles\/wp-json\/wp\/v2\/media?parent=5634"}],"wp:term":[{"taxonomy":"category","embeddable":true,"href":"https:\/\/blogg.improveme.se\/rosannacharles\/wp-json\/wp\/v2\/categories?post=5634"},{"taxonomy":"post_tag","embeddable":true,"href":"https:\/\/blogg.improveme.se\/rosannacharles\/wp-json\/wp\/v2\/tags?post=5634"}],"curies":[{"name":"wp","href":"https:\/\/api.w.org\/{rel}","templated":true}]}}