{"id":5637,"date":"2012-08-17T00:12:00","date_gmt":"2012-08-16T22:12:00","guid":{"rendered":"http:\/\/blogg.improveme.se\/rosannacharles\/2012\/08\/17\/fargat-haret\/"},"modified":"2012-08-17T00:12:00","modified_gmt":"2012-08-16T22:12:00","slug":"fargat-haret","status":"publish","type":"post","link":"https:\/\/blogg.improveme.se\/rosannacharles\/2012\/08\/17\/fargat-haret\/","title":{"rendered":"F\u00e4rgat h\u00e5ret"},"content":{"rendered":"<p>\t\t\t\t<img decoding=\"async\" src=\"http:\/\/improveme.se\/i\/rosanna\/1490327.jpg\" border=\"0\" alt=\"\" \/><\/p>\n<p>Hej p\u00e5 er!<\/p>\n<p> Har inte orkat uppdatera d\u00e5 vi bara suttit hos mig och tagit det lugnt. Amir f\u00e4rgade Jackies h\u00e5r svart och d\u00e5 passade jag ocks\u00e5 p\u00e5 att kleta in lite i mitt h\u00e5r. Ska dock f\u00e4rga resten imorgon eller p\u00e5 l\u00f6rdag.<br \/> Men ni hade helt r\u00e4tt i att m\u00f6rkt h\u00e5r \u00e4r det \u00e4nda r\u00e4tta, saknar verkligen mitt korp svarta h\u00e5r \ud83d\ude00<\/p>\n<p> F\u00e4rgade en &#8221;ombre&#8221; p\u00e5 Maya ocks\u00e5, det blev skit snyggt h\u00e4h\u00e4 <\/p>\n<p> Nu ligger jag och Emelie och kollar p\u00e5 sex and The city sedan blir det s\u00e4ngen. Jobb imorgon sen \u00e4ntligen HELG!!!<\/p>\n<p> Skulle \u00e5kt till G\u00f6teborg imorgon men det f\u00e5r bli vid ett annat tillf\u00e4lle. Har massvis att g\u00f6ra h\u00e4r i Stockholm!<\/p>\n<p> Blir nog en utlandsresa snart igen &#8211; \u00e4r sjukt tr\u00f6tt p\u00e5 detta v\u00e4der!<\/p>\n<p> Natti Natti!<\/p>\n","protected":false},"excerpt":{"rendered":"<p>Hej p\u00e5 er! Har inte orkat uppdatera d\u00e5 vi bara suttit hos mig och tagit det lugnt. Amir f\u00e4rgade Jackies h\u00e5r svart och d\u00e5 passade jag ocks\u00e5 p\u00e5 att kleta in lite i mitt h\u00e5r. Ska dock f\u00e4rga resten imorgon eller p\u00e5 l\u00f6rdag. Men ni hade helt r\u00e4tt i att m\u00f6rkt h\u00e5r \u00e4r det \u00e4nda &#8230; <a title=\"F\u00e4rgat h\u00e5ret\" class=\"read-more\" href=\"https:\/\/blogg.improveme.se\/rosannacharles\/2012\/08\/17\/fargat-haret\/\" aria-label=\"L\u00e4s mer om F\u00e4rgat h\u00e5ret\">L\u00e4s mer<\/a><\/p>\n","protected":false},"author":4106,"featured_media":0,"comment_status":"open","ping_status":"open","sticky":false,"template":"","format":"standard","meta":{"footnotes":""},"categories":[1],"tags":[],"class_list":["post-5637","post","type-post","status-publish","format-standard","hentry","category-okategoriserad"],"_links":{"self":[{"href":"https:\/\/blogg.improveme.se\/rosannacharles\/wp-json\/wp\/v2\/posts\/5637","targetHints":{"allow":["GET"]}}],"collection":[{"href":"https:\/\/blogg.improveme.se\/rosannacharles\/wp-json\/wp\/v2\/posts"}],"about":[{"href":"https:\/\/blogg.improveme.se\/rosannacharles\/wp-json\/wp\/v2\/types\/post"}],"author":[{"embeddable":true,"href":"https:\/\/blogg.improveme.se\/rosannacharles\/wp-json\/wp\/v2\/users\/4106"}],"replies":[{"embeddable":true,"href":"https:\/\/blogg.improveme.se\/rosannacharles\/wp-json\/wp\/v2\/comments?post=5637"}],"version-history":[{"count":0,"href":"https:\/\/blogg.improveme.se\/rosannacharles\/wp-json\/wp\/v2\/posts\/5637\/revisions"}],"wp:attachment":[{"href":"https:\/\/blogg.improveme.se\/rosannacharles\/wp-json\/wp\/v2\/media?parent=5637"}],"wp:term":[{"taxonomy":"category","embeddable":true,"href":"https:\/\/blogg.improveme.se\/rosannacharles\/wp-json\/wp\/v2\/categories?post=5637"},{"taxonomy":"post_tag","embeddable":true,"href":"https:\/\/blogg.improveme.se\/rosannacharles\/wp-json\/wp\/v2\/tags?post=5637"}],"curies":[{"name":"wp","href":"https:\/\/api.w.org\/{rel}","templated":true}]}}