{"id":5663,"date":"2012-08-09T13:34:00","date_gmt":"2012-08-09T11:34:00","guid":{"rendered":"http:\/\/blogg.improveme.se\/rosannacharles\/2012\/08\/09\/det-ar-mycket-man-stor-sig-pa-i-vardagen\/"},"modified":"2012-08-09T13:34:00","modified_gmt":"2012-08-09T11:34:00","slug":"det-ar-mycket-man-stor-sig-pa-i-vardagen","status":"publish","type":"post","link":"https:\/\/blogg.improveme.se\/rosannacharles\/2012\/08\/09\/det-ar-mycket-man-stor-sig-pa-i-vardagen\/","title":{"rendered":"Det \u00e4r mycket man st\u00f6r sig p\u00e5 i vardagen!"},"content":{"rendered":"<p>Har ni ocks\u00e5 vissa konstiga grejer som ni st\u00f6r er p\u00e5? Jag blir v\u00e4ldigt l\u00e4tt irriterad \u00f6ver sm\u00e5 saker men vissa grejer t\u00e5l jag ABSOLUT inte!<\/p>\n<p>1. Cyklister som str\u00e4cker ut ena armen n\u00e4r de sv\u00e4nger<\/p>\n<p>2. Folk som sitter brevid en p\u00e5 bussen l\u00e4ngst in mot f\u00f6nstret och st\u00e4ller sig upp innan bussen\/tunnelbanan har stannat n\u00e4r man sj\u00e4lv ocks\u00e5 ska av p\u00e5 samma station &#8211; IRRITERANDE!<\/p>\n<p>3. De som fejk g\u00e4spar n\u00e4r de \u00e4r nerv\u00f6sa<\/p>\n<p>4. Negrer med identitetskris och rakpermanentat h\u00e5r och backslick!<\/p>\n<p>5. Folk som inte duschar varje morgon<\/p>\n<p>6. De som inte \u00e4r sj\u00e4lvg\u00e5ende<\/p>\n<p>7. Folk som tar tid vid kassan p\u00e5 ICA n\u00e4r man har br\u00e5ttom och ska l\u00e4sa igenom hela kvittot innan de g\u00e5r f\u00f6r att se att allt st\u00e4mmer!<\/p>\n<p>8. Fok som inte fattar vinken&#8230;<\/p>\n<p>Sen finns det ju 100000000000000 grejer till, detta var bara en liten del av det jag st\u00f6r mig p\u00e5<\/p>\n<p style=\"text-align: center;\"><img decoding=\"async\" src=\"http:\/\/a4.sphotos.ak.fbcdn.net\/hphotos-ak-snc7\/321529_143416942419500_1230939_n.jpg\" border=\"0\" \/><\/p>\n<p><\/p>\n","protected":false},"excerpt":{"rendered":"<p>Har ni ocks\u00e5 vissa konstiga grejer som ni st\u00f6r er p\u00e5? Jag blir v\u00e4ldigt l\u00e4tt irriterad \u00f6ver sm\u00e5 saker men vissa grejer t\u00e5l jag ABSOLUT inte! 1. Cyklister som str\u00e4cker ut ena armen n\u00e4r de sv\u00e4nger 2. Folk som sitter brevid en p\u00e5 bussen l\u00e4ngst in mot f\u00f6nstret och st\u00e4ller sig upp innan bussen\/tunnelbanan har &#8230; <a title=\"Det \u00e4r mycket man st\u00f6r sig p\u00e5 i vardagen!\" class=\"read-more\" href=\"https:\/\/blogg.improveme.se\/rosannacharles\/2012\/08\/09\/det-ar-mycket-man-stor-sig-pa-i-vardagen\/\" aria-label=\"L\u00e4s mer om Det \u00e4r mycket man st\u00f6r sig p\u00e5 i vardagen!\">L\u00e4s mer<\/a><\/p>\n","protected":false},"author":4106,"featured_media":0,"comment_status":"open","ping_status":"open","sticky":false,"template":"","format":"standard","meta":{"footnotes":""},"categories":[1],"tags":[],"class_list":["post-5663","post","type-post","status-publish","format-standard","hentry","category-okategoriserad"],"_links":{"self":[{"href":"https:\/\/blogg.improveme.se\/rosannacharles\/wp-json\/wp\/v2\/posts\/5663","targetHints":{"allow":["GET"]}}],"collection":[{"href":"https:\/\/blogg.improveme.se\/rosannacharles\/wp-json\/wp\/v2\/posts"}],"about":[{"href":"https:\/\/blogg.improveme.se\/rosannacharles\/wp-json\/wp\/v2\/types\/post"}],"author":[{"embeddable":true,"href":"https:\/\/blogg.improveme.se\/rosannacharles\/wp-json\/wp\/v2\/users\/4106"}],"replies":[{"embeddable":true,"href":"https:\/\/blogg.improveme.se\/rosannacharles\/wp-json\/wp\/v2\/comments?post=5663"}],"version-history":[{"count":0,"href":"https:\/\/blogg.improveme.se\/rosannacharles\/wp-json\/wp\/v2\/posts\/5663\/revisions"}],"wp:attachment":[{"href":"https:\/\/blogg.improveme.se\/rosannacharles\/wp-json\/wp\/v2\/media?parent=5663"}],"wp:term":[{"taxonomy":"category","embeddable":true,"href":"https:\/\/blogg.improveme.se\/rosannacharles\/wp-json\/wp\/v2\/categories?post=5663"},{"taxonomy":"post_tag","embeddable":true,"href":"https:\/\/blogg.improveme.se\/rosannacharles\/wp-json\/wp\/v2\/tags?post=5663"}],"curies":[{"name":"wp","href":"https:\/\/api.w.org\/{rel}","templated":true}]}}