{"id":5682,"date":"2012-08-05T12:54:00","date_gmt":"2012-08-05T10:54:00","guid":{"rendered":"http:\/\/blogg.improveme.se\/rosannacharles\/2012\/08\/05\/sondag-4\/"},"modified":"2012-08-05T12:54:00","modified_gmt":"2012-08-05T10:54:00","slug":"sondag-4","status":"publish","type":"post","link":"https:\/\/blogg.improveme.se\/rosannacharles\/2012\/08\/05\/sondag-4\/","title":{"rendered":"S\u00f6ndag!"},"content":{"rendered":"<p>Vaknade upp hemma hos Chrille \u00e4r i BGS och nu befinner vi oss hemma hos Tzeni d\u00e4r det blir lunch och film. Flaket ig\u00e5r var fantastiskt och riktigt bra uppstyrt. Det var 54.000 personer som gick i paraden och jag \u00e4r faktiskt stolt \u00f6ver att vara en av dem och st\u00f6tta detta. Har ju extremt m\u00e5nga Gay v\u00e4nner och det var verkligen roligt att se dem flippa ur ig\u00e5r <img decoding=\"async\" src=\"\/client\/framework\/smileys\/happy.gif\" \/><\/p>\n<p>Tr\u00e5kigt nog blev Perris bestulen p\u00e5 ALLT under paraden, tillochmed sina kl\u00e4der. Han traskade hem till mig ledsen i bara kallsonger. Tr\u00e5kigt att det finns m\u00e4nniskor som inte kan l\u00e5ta andras saker vara.\u00a0<\/p>\n<p>Vi tog en powernap innan det var dags f\u00f6r fest igen. Det blev n\u00e5gra drinkar med tjejerna p\u00e5 medis sedan m\u00f6tte jag och Melissa upp Rodney, Chrille och Hanna. Vi hamnade p\u00e5 Caf\u00e9 Opera s\u00e5klart! Stannade d\u00e4r till st\u00e4ngning om jag inte minns fel sedan drog vi hem till Chrille och sov <img decoding=\"async\" src=\"\/client\/framework\/smileys\/happy.gif\" \/><\/p>\n<p>Nu skriker min feta mage efter mat s\u00e5 ska st\u00e4lla mig i k\u00f6ket som den kvinna jag \u00e4r och laga iordning n\u00e5got!<\/p>\n<p><img decoding=\"async\" src=\"http:\/\/improveme.se\/i\/rosanna\/1472438.jpg\" border=\"0\" alt=\"\" \/><\/p>\n<p><img decoding=\"async\" src=\"http:\/\/improveme.se\/i\/rosanna\/1472437.jpg\" border=\"0\" alt=\"\" \/><\/p>\n","protected":false},"excerpt":{"rendered":"<p>Vaknade upp hemma hos Chrille \u00e4r i BGS och nu befinner vi oss hemma hos Tzeni d\u00e4r det blir lunch och film. Flaket ig\u00e5r var fantastiskt och riktigt bra uppstyrt. Det var 54.000 personer som gick i paraden och jag \u00e4r faktiskt stolt \u00f6ver att vara en av dem och st\u00f6tta detta. Har ju extremt &#8230; <a title=\"S\u00f6ndag!\" class=\"read-more\" href=\"https:\/\/blogg.improveme.se\/rosannacharles\/2012\/08\/05\/sondag-4\/\" aria-label=\"L\u00e4s mer om S\u00f6ndag!\">L\u00e4s mer<\/a><\/p>\n","protected":false},"author":4106,"featured_media":0,"comment_status":"open","ping_status":"open","sticky":false,"template":"","format":"standard","meta":{"footnotes":""},"categories":[1],"tags":[],"class_list":["post-5682","post","type-post","status-publish","format-standard","hentry","category-okategoriserad"],"_links":{"self":[{"href":"https:\/\/blogg.improveme.se\/rosannacharles\/wp-json\/wp\/v2\/posts\/5682","targetHints":{"allow":["GET"]}}],"collection":[{"href":"https:\/\/blogg.improveme.se\/rosannacharles\/wp-json\/wp\/v2\/posts"}],"about":[{"href":"https:\/\/blogg.improveme.se\/rosannacharles\/wp-json\/wp\/v2\/types\/post"}],"author":[{"embeddable":true,"href":"https:\/\/blogg.improveme.se\/rosannacharles\/wp-json\/wp\/v2\/users\/4106"}],"replies":[{"embeddable":true,"href":"https:\/\/blogg.improveme.se\/rosannacharles\/wp-json\/wp\/v2\/comments?post=5682"}],"version-history":[{"count":0,"href":"https:\/\/blogg.improveme.se\/rosannacharles\/wp-json\/wp\/v2\/posts\/5682\/revisions"}],"wp:attachment":[{"href":"https:\/\/blogg.improveme.se\/rosannacharles\/wp-json\/wp\/v2\/media?parent=5682"}],"wp:term":[{"taxonomy":"category","embeddable":true,"href":"https:\/\/blogg.improveme.se\/rosannacharles\/wp-json\/wp\/v2\/categories?post=5682"},{"taxonomy":"post_tag","embeddable":true,"href":"https:\/\/blogg.improveme.se\/rosannacharles\/wp-json\/wp\/v2\/tags?post=5682"}],"curies":[{"name":"wp","href":"https:\/\/api.w.org\/{rel}","templated":true}]}}