{"id":7105,"date":"2011-10-05T21:19:00","date_gmt":"2011-10-05T19:19:00","guid":{"rendered":"http:\/\/blogg.improveme.se\/rosannacharles\/2011\/10\/05\/persbrandt-ord-stammer-till-en-viss-del\/"},"modified":"2011-10-05T21:19:00","modified_gmt":"2011-10-05T19:19:00","slug":"persbrandt-ord-stammer-till-en-viss-del","status":"publish","type":"post","link":"https:\/\/blogg.improveme.se\/rosannacharles\/2011\/10\/05\/persbrandt-ord-stammer-till-en-viss-del\/","title":{"rendered":"Persbrandt ord st\u00e4mmer till en viss del!"},"content":{"rendered":"<p>Jag har f\u00e5tt mail, kommentarer tillochmed samtal fr\u00e5n folk som undrar om det st\u00e4mmer att jag och Jackie \u00e4r ov\u00e4nner. Jag kan tala om att lite av det som st\u00e5r st\u00e4mmer. Jag pratade med Micke i f\u00f6rtroende och ber\u00e4ttade att jag och Jackie haft lite sm\u00e5tjaffs en l\u00e4ngre period dock handlade det inte om ett l\u00e4ppstift hon tappat bort utan att hon anv\u00e4nt upp mina dyra silkesdroppar fr\u00e5n m\u00e4rket Kerastase.\u00a0<\/p>\n<p>Jag blev d\u00e5 v\u00e4ldigt f\u00f6rbannad och eldade upp hennes l\u00f6sh\u00e5r i panik. Att Micke sitter och ber\u00e4ttar detta f\u00f6r ett par bloggl\u00e4sare \u00e4r f\u00f6r mig ofattbart. Jag sa det h\u00e4r i f\u00f6rtroende till honom och det skiter han fullst\u00e4ndigt i! Han kanske vill f\u00f6rst\u00f6ra f\u00f6r mig nu n\u00e4r folk f\u00e5tt reda p\u00e5 att jag var statist i en Beck-film f\u00f6r 8 \u00e5r sedan. Im back, Persbrandt back off!<\/p>\n<p style=\"text-align: center;\">Jag och Micke rockade Ojojoj f\u00f6r ett tag sedan, det var d\u00e5 jag ber\u00e4ttade hemlisen&#8230;\u00a0<\/p>\n<p><img decoding=\"async\" src=\"http:\/\/improveme.se\/i\/rosanna\/1016360.jpg\" border=\"0\" alt=\"\" \/><\/p>\n","protected":false},"excerpt":{"rendered":"<p>Jag har f\u00e5tt mail, kommentarer tillochmed samtal fr\u00e5n folk som undrar om det st\u00e4mmer att jag och Jackie \u00e4r ov\u00e4nner. Jag kan tala om att lite av det som st\u00e5r st\u00e4mmer. Jag pratade med Micke i f\u00f6rtroende och ber\u00e4ttade att jag och Jackie haft lite sm\u00e5tjaffs en l\u00e4ngre period dock handlade det inte om ett &#8230; <a title=\"Persbrandt ord st\u00e4mmer till en viss del!\" class=\"read-more\" href=\"https:\/\/blogg.improveme.se\/rosannacharles\/2011\/10\/05\/persbrandt-ord-stammer-till-en-viss-del\/\" aria-label=\"L\u00e4s mer om Persbrandt ord st\u00e4mmer till en viss del!\">L\u00e4s mer<\/a><\/p>\n","protected":false},"author":4106,"featured_media":0,"comment_status":"open","ping_status":"open","sticky":false,"template":"","format":"standard","meta":{"footnotes":""},"categories":[1],"tags":[],"class_list":["post-7105","post","type-post","status-publish","format-standard","hentry","category-okategoriserad"],"_links":{"self":[{"href":"https:\/\/blogg.improveme.se\/rosannacharles\/wp-json\/wp\/v2\/posts\/7105","targetHints":{"allow":["GET"]}}],"collection":[{"href":"https:\/\/blogg.improveme.se\/rosannacharles\/wp-json\/wp\/v2\/posts"}],"about":[{"href":"https:\/\/blogg.improveme.se\/rosannacharles\/wp-json\/wp\/v2\/types\/post"}],"author":[{"embeddable":true,"href":"https:\/\/blogg.improveme.se\/rosannacharles\/wp-json\/wp\/v2\/users\/4106"}],"replies":[{"embeddable":true,"href":"https:\/\/blogg.improveme.se\/rosannacharles\/wp-json\/wp\/v2\/comments?post=7105"}],"version-history":[{"count":0,"href":"https:\/\/blogg.improveme.se\/rosannacharles\/wp-json\/wp\/v2\/posts\/7105\/revisions"}],"wp:attachment":[{"href":"https:\/\/blogg.improveme.se\/rosannacharles\/wp-json\/wp\/v2\/media?parent=7105"}],"wp:term":[{"taxonomy":"category","embeddable":true,"href":"https:\/\/blogg.improveme.se\/rosannacharles\/wp-json\/wp\/v2\/categories?post=7105"},{"taxonomy":"post_tag","embeddable":true,"href":"https:\/\/blogg.improveme.se\/rosannacharles\/wp-json\/wp\/v2\/tags?post=7105"}],"curies":[{"name":"wp","href":"https:\/\/api.w.org\/{rel}","templated":true}]}}