{"id":7137,"date":"2011-09-28T18:37:00","date_gmt":"2011-09-28T16:37:00","guid":{"rendered":"http:\/\/blogg.improveme.se\/rosannacharles\/2011\/09\/28\/bloggforfest-pa-fredag\/"},"modified":"2011-09-28T18:37:00","modified_gmt":"2011-09-28T16:37:00","slug":"bloggforfest-pa-fredag","status":"publish","type":"post","link":"https:\/\/blogg.improveme.se\/rosannacharles\/2011\/09\/28\/bloggforfest-pa-fredag\/","title":{"rendered":"Bloggf\u00f6rfest p\u00e5 Fredag"},"content":{"rendered":"<p>Ni gl\u00f6mmer v\u00e4l inte att komma f\u00f6rbi SergelsTorg16 nu p\u00e5 fredag, Vi kommer i vanlig ordning ha stans b\u00e4sta f\u00f6rfest. Det kommer att spelas blandade l\u00e5tar och baren \u00e4r alltid svinbillig. Allts\u00e5 ett perfekt st\u00e4lle att g\u00e5 till innan du ska ut, Det \u00e4r inget intr\u00e4de heller <img decoding=\"async\" src=\"\/client\/framework\/smileys\/blink.gif\" \/><\/p>\n<p>Klicka i att du kommer p\u00e5 FB gruppen och bjud in dina v\u00e4nner!\u00a0\u00a0http:\/\/www.facebook.com\/event.php?eid=128879363880311&amp;view=wall&amp;notif_t=event_wall<\/p>\n<p>Gilla \u00e4ven MODA p\u00e5 FB\u00a0http:\/\/www.facebook.com\/pages\/Moda-bar\/151820414901198<\/p>\n<p style=\"text-align: center;\">Gud vilken gammal vimmelbild haha<\/p>\n<p><img decoding=\"async\" src=\"http:\/\/imgs.sthlmsfinest.com\/imageGalleryImages\/scaled\/436703_737_484_1.jpg\" border=\"0\" \/><\/p>\n<p><\/p>\n<p><\/p>\n","protected":false},"excerpt":{"rendered":"<p>Ni gl\u00f6mmer v\u00e4l inte att komma f\u00f6rbi SergelsTorg16 nu p\u00e5 fredag, Vi kommer i vanlig ordning ha stans b\u00e4sta f\u00f6rfest. Det kommer att spelas blandade l\u00e5tar och baren \u00e4r alltid svinbillig. Allts\u00e5 ett perfekt st\u00e4lle att g\u00e5 till innan du ska ut, Det \u00e4r inget intr\u00e4de heller Klicka i att du kommer p\u00e5 FB gruppen &#8230; <a title=\"Bloggf\u00f6rfest p\u00e5 Fredag\" class=\"read-more\" href=\"https:\/\/blogg.improveme.se\/rosannacharles\/2011\/09\/28\/bloggforfest-pa-fredag\/\" aria-label=\"L\u00e4s mer om Bloggf\u00f6rfest p\u00e5 Fredag\">L\u00e4s mer<\/a><\/p>\n","protected":false},"author":4106,"featured_media":0,"comment_status":"open","ping_status":"open","sticky":false,"template":"","format":"standard","meta":{"footnotes":""},"categories":[1],"tags":[],"class_list":["post-7137","post","type-post","status-publish","format-standard","hentry","category-okategoriserad"],"_links":{"self":[{"href":"https:\/\/blogg.improveme.se\/rosannacharles\/wp-json\/wp\/v2\/posts\/7137","targetHints":{"allow":["GET"]}}],"collection":[{"href":"https:\/\/blogg.improveme.se\/rosannacharles\/wp-json\/wp\/v2\/posts"}],"about":[{"href":"https:\/\/blogg.improveme.se\/rosannacharles\/wp-json\/wp\/v2\/types\/post"}],"author":[{"embeddable":true,"href":"https:\/\/blogg.improveme.se\/rosannacharles\/wp-json\/wp\/v2\/users\/4106"}],"replies":[{"embeddable":true,"href":"https:\/\/blogg.improveme.se\/rosannacharles\/wp-json\/wp\/v2\/comments?post=7137"}],"version-history":[{"count":0,"href":"https:\/\/blogg.improveme.se\/rosannacharles\/wp-json\/wp\/v2\/posts\/7137\/revisions"}],"wp:attachment":[{"href":"https:\/\/blogg.improveme.se\/rosannacharles\/wp-json\/wp\/v2\/media?parent=7137"}],"wp:term":[{"taxonomy":"category","embeddable":true,"href":"https:\/\/blogg.improveme.se\/rosannacharles\/wp-json\/wp\/v2\/categories?post=7137"},{"taxonomy":"post_tag","embeddable":true,"href":"https:\/\/blogg.improveme.se\/rosannacharles\/wp-json\/wp\/v2\/tags?post=7137"}],"curies":[{"name":"wp","href":"https:\/\/api.w.org\/{rel}","templated":true}]}}