{"id":7143,"date":"2011-09-27T11:22:00","date_gmt":"2011-09-27T09:22:00","guid":{"rendered":"http:\/\/blogg.improveme.se\/rosannacharles\/2011\/09\/27\/tisdag-27-september\/"},"modified":"2011-09-27T11:22:00","modified_gmt":"2011-09-27T09:22:00","slug":"tisdag-27-september","status":"publish","type":"post","link":"https:\/\/blogg.improveme.se\/rosannacharles\/2011\/09\/27\/tisdag-27-september\/","title":{"rendered":"Tisdag 27 September"},"content":{"rendered":"<p>HEEEEEEJ!<br \/>Jag skulle egentligen p\u00e5 ett m\u00f6te idag men smart som jag \u00e4r f\u00f6reslog jag ett telefonm\u00f6te vilket gick lika bra! P\u00e5 fredag kmmer jag att k\u00f6ra f\u00f6rfest p\u00e5 MODA BAR igen. Sist n\u00e4r jag och Amir hade det blev det succ\u00e9 och denna g\u00e5ng ska det sj\u00e4lvklart bli \u00e4nnu b\u00e4ttre!\u00a0<\/p>\n<p>Idag ska jag fixa med r\u00e4kningar (det tr\u00e5kigaste i v\u00e4rlden) och lite annat g\u00e4llande jobb och s\u00e5. Vill \u00e5ka in till stan lite senare och kolla om de f\u00e5tt in n\u00e5got vilt&#8230;.\u00a0<\/p>\n<p>Jag tycker att ni ska g\u00e5 med i mitt evenemang och bjuda in alla era v\u00e4nner. Ni som ska g\u00e5 ut p\u00e5 fredag kan ju komma f\u00f6rbi MODA innan. Det ligger ju mitt p\u00e5 sergelstorg!<\/p>\n<p>H\u00e4r:\u00a0http:\/\/www.facebook.com\/event.php?eid=128879363880311&amp;view=wall&amp;notif_t=event_wall<\/p>\n<p><img decoding=\"async\" src=\"http:\/\/improveme.se\/i\/rosanna\/1004419.jpg\" border=\"0\" alt=\"\" style=\"display: block; margin-left: auto; margin-right: auto;\" \/><\/p>\n","protected":false},"excerpt":{"rendered":"<p>HEEEEEEJ!Jag skulle egentligen p\u00e5 ett m\u00f6te idag men smart som jag \u00e4r f\u00f6reslog jag ett telefonm\u00f6te vilket gick lika bra! P\u00e5 fredag kmmer jag att k\u00f6ra f\u00f6rfest p\u00e5 MODA BAR igen. Sist n\u00e4r jag och Amir hade det blev det succ\u00e9 och denna g\u00e5ng ska det sj\u00e4lvklart bli \u00e4nnu b\u00e4ttre!\u00a0 Idag ska jag fixa med &#8230; <a title=\"Tisdag 27 September\" class=\"read-more\" href=\"https:\/\/blogg.improveme.se\/rosannacharles\/2011\/09\/27\/tisdag-27-september\/\" aria-label=\"L\u00e4s mer om Tisdag 27 September\">L\u00e4s mer<\/a><\/p>\n","protected":false},"author":4106,"featured_media":0,"comment_status":"open","ping_status":"open","sticky":false,"template":"","format":"standard","meta":{"footnotes":""},"categories":[1],"tags":[],"class_list":["post-7143","post","type-post","status-publish","format-standard","hentry","category-okategoriserad"],"_links":{"self":[{"href":"https:\/\/blogg.improveme.se\/rosannacharles\/wp-json\/wp\/v2\/posts\/7143","targetHints":{"allow":["GET"]}}],"collection":[{"href":"https:\/\/blogg.improveme.se\/rosannacharles\/wp-json\/wp\/v2\/posts"}],"about":[{"href":"https:\/\/blogg.improveme.se\/rosannacharles\/wp-json\/wp\/v2\/types\/post"}],"author":[{"embeddable":true,"href":"https:\/\/blogg.improveme.se\/rosannacharles\/wp-json\/wp\/v2\/users\/4106"}],"replies":[{"embeddable":true,"href":"https:\/\/blogg.improveme.se\/rosannacharles\/wp-json\/wp\/v2\/comments?post=7143"}],"version-history":[{"count":0,"href":"https:\/\/blogg.improveme.se\/rosannacharles\/wp-json\/wp\/v2\/posts\/7143\/revisions"}],"wp:attachment":[{"href":"https:\/\/blogg.improveme.se\/rosannacharles\/wp-json\/wp\/v2\/media?parent=7143"}],"wp:term":[{"taxonomy":"category","embeddable":true,"href":"https:\/\/blogg.improveme.se\/rosannacharles\/wp-json\/wp\/v2\/categories?post=7143"},{"taxonomy":"post_tag","embeddable":true,"href":"https:\/\/blogg.improveme.se\/rosannacharles\/wp-json\/wp\/v2\/tags?post=7143"}],"curies":[{"name":"wp","href":"https:\/\/api.w.org\/{rel}","templated":true}]}}