{"id":7164,"date":"2011-09-20T20:09:00","date_gmt":"2011-09-20T18:09:00","guid":{"rendered":"http:\/\/blogg.improveme.se\/rosannacharles\/2011\/09\/20\/mina-vanner-maste-hata-mig\/"},"modified":"2011-09-20T20:09:00","modified_gmt":"2011-09-20T18:09:00","slug":"mina-vanner-maste-hata-mig","status":"publish","type":"post","link":"https:\/\/blogg.improveme.se\/rosannacharles\/2011\/09\/20\/mina-vanner-maste-hata-mig\/","title":{"rendered":"Mina v\u00e4nner m\u00e5ste hata mig"},"content":{"rendered":"<p>Sorry f\u00f6r en d\u00e5lig update idag men jag har suttit och diskuterat med mina v\u00e4nner p\u00e5 Andjelinas caf\u00e9 hela dagen. Allt b\u00f6rjade med en fika och avslutades med att alla satt och ber\u00e4ttade vad dem tyckte om mig.<\/p>\n<p>Maya: Du \u00e4r v\u00e4ldigt sj\u00e4lvupptagen har jag t\u00e4nkt p\u00e5<\/p>\n<p>Rosanna: Jaha vad\u00e5r\u00e5?<\/p>\n<p>Maya: Ja men om man \u00e4r hemma hos dig s\u00e5 sitter du bara vid datorn och pratar i telefonen medans man f\u00e5r kolla p\u00e5 tv sj\u00e4lv typ<\/p>\n<p>Andjelina: Jaaaaa, visst \u00e4r det s\u00e5. Sist jag var hos Rosanna s\u00e5 sa jag hejd\u00e5 och hon mumlade typ MMMM tillbaka<\/p>\n<p>Maya: Guud<\/p>\n<p>Rosanna: S\u00e5 var det inte alls, jag sa hejd\u00e5<\/p>\n<p>Maya: Det d\u00e4r \u00e4r grejen med dig ocks\u00e5, du kan aldrig erk\u00e4nna att du gjort fel<\/p>\n<p>Andjelina: Haha<\/p>\n<p>Maya: Sen gillar du att ALLTID vara i centrum. Ingen f\u00e5r typ s\u00e4ga n\u00e5got har b\u00f6rjat prata &#8211; du \u00e4r som en h\u00f6gtalare<\/p>\n<p>Rosanna: Ass\u00e5, \u00e4r detta n\u00e5gon slags f\u00f6rel\u00e4sning d\u00e4r alla ska s\u00e4ga allt d\u00e5ligt om mig eller<\/p>\n<p>Maya: Det \u00e4r ju roligt haha<\/p>\n<p>Andjelina: Jag kan s\u00e4ga n\u00e5got bra!<\/p>\n<p>Rosanna: <\/p>\n","protected":false},"excerpt":{"rendered":"<p>Sorry f\u00f6r en d\u00e5lig update idag men jag har suttit och diskuterat med mina v\u00e4nner p\u00e5 Andjelinas caf\u00e9 hela dagen. Allt b\u00f6rjade med en fika och avslutades med att alla satt och ber\u00e4ttade vad dem tyckte om mig. Maya: Du \u00e4r v\u00e4ldigt sj\u00e4lvupptagen har jag t\u00e4nkt p\u00e5 Rosanna: Jaha vad\u00e5r\u00e5? Maya: Ja men om man &#8230; <a title=\"Mina v\u00e4nner m\u00e5ste hata mig\" class=\"read-more\" href=\"https:\/\/blogg.improveme.se\/rosannacharles\/2011\/09\/20\/mina-vanner-maste-hata-mig\/\" aria-label=\"L\u00e4s mer om Mina v\u00e4nner m\u00e5ste hata mig\">L\u00e4s mer<\/a><\/p>\n","protected":false},"author":4106,"featured_media":0,"comment_status":"open","ping_status":"open","sticky":false,"template":"","format":"standard","meta":{"footnotes":""},"categories":[1],"tags":[],"class_list":["post-7164","post","type-post","status-publish","format-standard","hentry","category-okategoriserad"],"_links":{"self":[{"href":"https:\/\/blogg.improveme.se\/rosannacharles\/wp-json\/wp\/v2\/posts\/7164","targetHints":{"allow":["GET"]}}],"collection":[{"href":"https:\/\/blogg.improveme.se\/rosannacharles\/wp-json\/wp\/v2\/posts"}],"about":[{"href":"https:\/\/blogg.improveme.se\/rosannacharles\/wp-json\/wp\/v2\/types\/post"}],"author":[{"embeddable":true,"href":"https:\/\/blogg.improveme.se\/rosannacharles\/wp-json\/wp\/v2\/users\/4106"}],"replies":[{"embeddable":true,"href":"https:\/\/blogg.improveme.se\/rosannacharles\/wp-json\/wp\/v2\/comments?post=7164"}],"version-history":[{"count":0,"href":"https:\/\/blogg.improveme.se\/rosannacharles\/wp-json\/wp\/v2\/posts\/7164\/revisions"}],"wp:attachment":[{"href":"https:\/\/blogg.improveme.se\/rosannacharles\/wp-json\/wp\/v2\/media?parent=7164"}],"wp:term":[{"taxonomy":"category","embeddable":true,"href":"https:\/\/blogg.improveme.se\/rosannacharles\/wp-json\/wp\/v2\/categories?post=7164"},{"taxonomy":"post_tag","embeddable":true,"href":"https:\/\/blogg.improveme.se\/rosannacharles\/wp-json\/wp\/v2\/tags?post=7164"}],"curies":[{"name":"wp","href":"https:\/\/api.w.org\/{rel}","templated":true}]}}