{"id":7179,"date":"2011-09-18T10:39:00","date_gmt":"2011-09-18T08:39:00","guid":{"rendered":"http:\/\/blogg.improveme.se\/rosannacharles\/2011\/09\/18\/jag-alskar-veckorevyn\/"},"modified":"2011-09-18T10:39:00","modified_gmt":"2011-09-18T08:39:00","slug":"jag-alskar-veckorevyn","status":"publish","type":"post","link":"https:\/\/blogg.improveme.se\/rosannacharles\/2011\/09\/18\/jag-alskar-veckorevyn\/","title":{"rendered":"Jag \u00e4lskar Veckorevyn!"},"content":{"rendered":"<p>Jag hade s\u00e5 j\u00e4vla roligt ig\u00e5r, ni fattar inte. Jag var stressad i vanlig ordning s\u00e5 jag best\u00e4mde mig f\u00f6r att \u00e5ka till St:Eriksplan och rocka mitt h\u00e5r hos fris\u00f6ren. Hon gjorde skitsnygga lockar p\u00e5 mig som h\u00f6ll hela kv\u00e4llen, ni hittar mirakelfris\u00f6ren H\u00e4r &#8211; http:\/\/hairbysuzan.com\u00a0och h\u00e4r &#8211; http:\/\/improveme.se\/suzan.<\/p>\n<p>Sedan blev det gala i fridhemsplan med prisutdelning och lite s\u00e5nt. Jag vann tyv\u00e4rr inte men \u00e4r end\u00e5 glad att jag blev nominerad och att s\u00e5 m\u00e5nga r\u00f6stat p\u00e5 mig. Tyckte att det fanns n\u00e5gra v\u00e4rda vinnare b.la Cimon Lundberg &amp; Andreas Wijk!\u00a0<\/p>\n<p>Vid 22:00 hoppade vi in i en fet buss som k\u00f6rde oss alla till efterfesten p\u00e5 Hells Kitchen, d\u00e4r hade de styrt upp en vild fest med ballonger i hela taket och skit grym musik. Vi k\u00f6rde loss d\u00e4r till typ halv tre med alla h\u00e4rliga m\u00e4nniskor. Sedan drog vi f\u00f6rbi PURE en snabbis d\u00e4r Axwell hade sin efterfest som ocks\u00e5 var v\u00e4ldigt aktuell! Dock drog vi hem vid tre tiden och sov <img decoding=\"async\" src=\"\/client\/framework\/smileys\/happy.gif\" \/><\/p>\n<p>(Det s\u00e4gs att man alltid ska sluta n\u00e4r man \u00e4r p\u00e5 topp)<\/p>\n<p style=\"text-align: center;\"><img decoding=\"async\" src=\"http:\/\/improveme.se\/i\/rosanna\/992271.jpg\" border=\"0\" alt=\"\" \/><\/p>\n<p style=\"text-align: center;\">Foto: Stureplan.se<\/p>\n","protected":false},"excerpt":{"rendered":"<p>Jag hade s\u00e5 j\u00e4vla roligt ig\u00e5r, ni fattar inte. Jag var stressad i vanlig ordning s\u00e5 jag best\u00e4mde mig f\u00f6r att \u00e5ka till St:Eriksplan och rocka mitt h\u00e5r hos fris\u00f6ren. Hon gjorde skitsnygga lockar p\u00e5 mig som h\u00f6ll hela kv\u00e4llen, ni hittar mirakelfris\u00f6ren H\u00e4r &#8211; http:\/\/hairbysuzan.com\u00a0och h\u00e4r &#8211; http:\/\/improveme.se\/suzan. Sedan blev det gala i fridhemsplan &#8230; <a title=\"Jag \u00e4lskar Veckorevyn!\" class=\"read-more\" href=\"https:\/\/blogg.improveme.se\/rosannacharles\/2011\/09\/18\/jag-alskar-veckorevyn\/\" aria-label=\"L\u00e4s mer om Jag \u00e4lskar Veckorevyn!\">L\u00e4s mer<\/a><\/p>\n","protected":false},"author":4106,"featured_media":0,"comment_status":"open","ping_status":"open","sticky":false,"template":"","format":"standard","meta":{"footnotes":""},"categories":[1],"tags":[],"class_list":["post-7179","post","type-post","status-publish","format-standard","hentry","category-okategoriserad"],"_links":{"self":[{"href":"https:\/\/blogg.improveme.se\/rosannacharles\/wp-json\/wp\/v2\/posts\/7179","targetHints":{"allow":["GET"]}}],"collection":[{"href":"https:\/\/blogg.improveme.se\/rosannacharles\/wp-json\/wp\/v2\/posts"}],"about":[{"href":"https:\/\/blogg.improveme.se\/rosannacharles\/wp-json\/wp\/v2\/types\/post"}],"author":[{"embeddable":true,"href":"https:\/\/blogg.improveme.se\/rosannacharles\/wp-json\/wp\/v2\/users\/4106"}],"replies":[{"embeddable":true,"href":"https:\/\/blogg.improveme.se\/rosannacharles\/wp-json\/wp\/v2\/comments?post=7179"}],"version-history":[{"count":0,"href":"https:\/\/blogg.improveme.se\/rosannacharles\/wp-json\/wp\/v2\/posts\/7179\/revisions"}],"wp:attachment":[{"href":"https:\/\/blogg.improveme.se\/rosannacharles\/wp-json\/wp\/v2\/media?parent=7179"}],"wp:term":[{"taxonomy":"category","embeddable":true,"href":"https:\/\/blogg.improveme.se\/rosannacharles\/wp-json\/wp\/v2\/categories?post=7179"},{"taxonomy":"post_tag","embeddable":true,"href":"https:\/\/blogg.improveme.se\/rosannacharles\/wp-json\/wp\/v2\/tags?post=7179"}],"curies":[{"name":"wp","href":"https:\/\/api.w.org\/{rel}","templated":true}]}}