{"id":7190,"date":"2011-09-15T11:11:00","date_gmt":"2011-09-15T09:11:00","guid":{"rendered":"http:\/\/blogg.improveme.se\/rosannacharles\/2011\/09\/15\/fick-en-forfragan-om-ett-tv-program\/"},"modified":"2011-09-15T11:11:00","modified_gmt":"2011-09-15T09:11:00","slug":"fick-en-forfragan-om-ett-tv-program","status":"publish","type":"post","link":"https:\/\/blogg.improveme.se\/rosannacharles\/2011\/09\/15\/fick-en-forfragan-om-ett-tv-program\/","title":{"rendered":"Fick en f\u00f6rfr\u00e5gan om ett tv program!"},"content":{"rendered":"<p>ShuuuuuuHuuuuuuuu!<\/p>\n<p>Ligger och pratar med Andjelina i telefon om olika tv program. Hon ska komma hit ikv\u00e4ll hon vill tydligen titta p\u00e5 det nya programmet &#8221;Sol, fest och oroliga f\u00f6r\u00e4ldrar&#8221;. Jag fick en f\u00f6rfr\u00e5gan om att vara med d\u00e4r f\u00f6r n\u00e5gra m\u00e5nader sedan och d\u00e5 f\u00f6rklarade de bara att jag skulle \u00e5ka utomlands med 3st v\u00e4nner i en vecka. De skulle filma allt vi gjorde i 5dagar. Sedan sa dem att mina f\u00f6r\u00e4ldrar skulle g\u00f6ra samma sak och s\u00e5 skulle de g\u00e4mf\u00f6ra v\u00e5ra resorr typ. YEEAH RIGHT1 Ungdommarna sk\u00e4mmer ju ut sig ordentligt!!!<\/p>\n<p>T\u00e4nk att vara p\u00e5 en charterresa och r\u00f6ja fett s\u00e5 kommer dina f\u00f6r\u00e4ldrar och har sett precis ALLT du gjort haha!<\/p>\n<p style=\"text-align: center;\"><img decoding=\"async\" src=\"http:\/\/saandral.blogg.se\/images\/2011\/sol-fest_165283331.jpg\" border=\"0\" \/><\/p>\n","protected":false},"excerpt":{"rendered":"<p>ShuuuuuuHuuuuuuuu! Ligger och pratar med Andjelina i telefon om olika tv program. Hon ska komma hit ikv\u00e4ll hon vill tydligen titta p\u00e5 det nya programmet &#8221;Sol, fest och oroliga f\u00f6r\u00e4ldrar&#8221;. Jag fick en f\u00f6rfr\u00e5gan om att vara med d\u00e4r f\u00f6r n\u00e5gra m\u00e5nader sedan och d\u00e5 f\u00f6rklarade de bara att jag skulle \u00e5ka utomlands med 3st &#8230; <a title=\"Fick en f\u00f6rfr\u00e5gan om ett tv program!\" class=\"read-more\" href=\"https:\/\/blogg.improveme.se\/rosannacharles\/2011\/09\/15\/fick-en-forfragan-om-ett-tv-program\/\" aria-label=\"L\u00e4s mer om Fick en f\u00f6rfr\u00e5gan om ett tv program!\">L\u00e4s mer<\/a><\/p>\n","protected":false},"author":4106,"featured_media":0,"comment_status":"open","ping_status":"open","sticky":false,"template":"","format":"standard","meta":{"footnotes":""},"categories":[1],"tags":[],"class_list":["post-7190","post","type-post","status-publish","format-standard","hentry","category-okategoriserad"],"_links":{"self":[{"href":"https:\/\/blogg.improveme.se\/rosannacharles\/wp-json\/wp\/v2\/posts\/7190","targetHints":{"allow":["GET"]}}],"collection":[{"href":"https:\/\/blogg.improveme.se\/rosannacharles\/wp-json\/wp\/v2\/posts"}],"about":[{"href":"https:\/\/blogg.improveme.se\/rosannacharles\/wp-json\/wp\/v2\/types\/post"}],"author":[{"embeddable":true,"href":"https:\/\/blogg.improveme.se\/rosannacharles\/wp-json\/wp\/v2\/users\/4106"}],"replies":[{"embeddable":true,"href":"https:\/\/blogg.improveme.se\/rosannacharles\/wp-json\/wp\/v2\/comments?post=7190"}],"version-history":[{"count":0,"href":"https:\/\/blogg.improveme.se\/rosannacharles\/wp-json\/wp\/v2\/posts\/7190\/revisions"}],"wp:attachment":[{"href":"https:\/\/blogg.improveme.se\/rosannacharles\/wp-json\/wp\/v2\/media?parent=7190"}],"wp:term":[{"taxonomy":"category","embeddable":true,"href":"https:\/\/blogg.improveme.se\/rosannacharles\/wp-json\/wp\/v2\/categories?post=7190"},{"taxonomy":"post_tag","embeddable":true,"href":"https:\/\/blogg.improveme.se\/rosannacharles\/wp-json\/wp\/v2\/tags?post=7190"}],"curies":[{"name":"wp","href":"https:\/\/api.w.org\/{rel}","templated":true}]}}