{"id":7257,"date":"2011-08-30T20:14:00","date_gmt":"2011-08-30T18:14:00","guid":{"rendered":"http:\/\/blogg.improveme.se\/rosannacharles\/2011\/08\/30\/svar-pa-fargestunden\/"},"modified":"2011-08-30T20:14:00","modified_gmt":"2011-08-30T18:14:00","slug":"svar-pa-fargestunden","status":"publish","type":"post","link":"https:\/\/blogg.improveme.se\/rosannacharles\/2011\/08\/30\/svar-pa-fargestunden\/","title":{"rendered":"svar p\u00e5 f\u00e5rgestunden!"},"content":{"rendered":"<p>Jag m\u00e4rkte att du b\u00f6rjat tr\u00e4na\u00a0<img decoding=\"async\" src=\"http:\/\/finest.se\/client\/framework\/smileys\/blink.gif\" border=\"0\" style=\"outline-width: 0px; outline-style: initial; outline-color: initial; border-width: initial; border-color: initial; border-style: none; padding: 0px; margin: 0px;\" \/>\u00a0\u00e4r det f\u00f6r en sundare livstil eller f\u00f6r att g\u00e5 ner i vikt! spelar ingen roll vilket! att g\u00e5 ner i vikt medf\u00f6r ju en sundare livstil i princip.. men ja, ville bara veta!<\/p>\n<p>B\u00f6rjat och b\u00f6rjat&#8230; Var och tr\u00e4nade en g\u00e5ng med min v\u00e4n Ida och det var sjukt jobbigt. Har ju inte tr\u00e4nat h\u00e5rt p\u00e5 skit l\u00e4nge s\u00e5 jag var p\u00e5riktigt svimf\u00e4rdig. Sj\u00e4lvklar vill man g\u00e5 ner lite i vikt men det \u00e4r ju ocks\u00e5 f\u00f6r att jag vill b\u00f6rja med en sundare livsstil.\u00a0<\/p>\n<p>Hej Rosanna, du verkar vara en st\u00f6rtsk\u00f6n bruud verkligen, undrar om du funderat p\u00e5 att f\u00e4rga h\u00e5ret ljusare igen? S\u00e5g bilder p\u00e5 dig med lite ljusare och tyckte deeet var SKIT SNYGGT p\u00e5 dig! kram<\/p>\n<p>Tack s\u00e5 mycket! Ja det har jag faktiskt t\u00e4nkt p\u00e5. Det enda \u00e4r att det slits s\u00e5 extremt mycket n\u00e4r man bleker ner det men n\u00e4sta g\u00e5ng jag g\u00e5r till fris\u00f6ren ska jag b\u00f6rja ljusa ner det lite <img decoding=\"async\" src=\"\/client\/framework\/smileys\/happy.gif\" \/> Kram<\/p>\n<p>vilket land kom ditt senaste Ex ifr\u00e5n??<\/p>\n<p>Han var kurd fr\u00e5n Turkiet<\/p>\n<p>Har Jackie en tatuering med ditt namn precis som du har av hennes?\u00a0<img decoding=\"async\" src=\"http:\/\/finest.se\/client\/framework\/smileys\/happy.gif\" border=\"0\" style=\"outline-width: 0px; outline-style: initial; outline-color: initial; border-width: initial; border-color: initial; border-style: none; padding: 0px; margin: 0px;\" \/><\/p>\n<p>Ja det har hon <img decoding=\"async\" src=\"\/client\/framework\/smileys\/happy.gif\" \/><\/p>\n<p>N\u00e4r ska du och jackie h\u00e4lsa p\u00e5 hennes mamma?\u00a0<img decoding=\"async\" src=\"http:\/\/finest.se\/client\/framework\/smileys\/happy.gif\" border=\"0\" style=\"outline-width: 0px; outline-style: initial; outline-color: initial; border-width: initial; border-color: initial; border-style: none; padding: 0px; margin: 0px;\" \/><\/p>\n<p>Snart hoppas jag. Vi skulle gjort det f\u00f6rra veckan men det blev inte av <img decoding=\"async\" src=\"\/client\/framework\/smileys\/sad.gif\" \/>\u00a0<\/p>\n<p>Vem \u00e4r kungen? Brad Pitt, Harrison Ford eller Johnny Depp?<\/p>\n<p>Jag men om jag m\u00e5ste v\u00e4lja mellan dom 3 s\u00e5 helt klart Jhonny Depp<\/p>\n<p>Hur mycket tj\u00e4nar du p\u00e5 att blogga? Och r\u00e4kna inte in gratis-grejer utan ren cash f\u00f6re skatt, tack.<\/p>\n<p>Det f\u00e5r jag inte tala om tyv\u00e4rr\u00a0<\/p>\n<p>K\u00e4nner du n\u00e5gon amerikansk sk\u00e5dis personligen?<\/p>\n<p>Nej det g\u00f6r jag inte<\/p>\n<p>Har Carolina Gynning skrutit med att hon tagit ut inl\u00e4ggen, men \u00e4nd\u00e5 satt in nya i ungef\u00e4r samma storlek och bara gl\u00f6mt ber\u00e4tta det sistn\u00e4mnda?<\/p>\n<p>Ingen aning, jag k\u00e4nner inte henne :S<\/p>\n<p>Kommer du bara v\u00e4lja de enkla fr\u00e5gorna h\u00e4r?<\/p>\n<p>Nej, jag svarar p\u00e5 alla fr\u00e5gor<\/p>\n<p>Tjejsex. <\/p>\n","protected":false},"excerpt":{"rendered":"<p>Jag m\u00e4rkte att du b\u00f6rjat tr\u00e4na\u00a0\u00a0\u00e4r det f\u00f6r en sundare livstil eller f\u00f6r att g\u00e5 ner i vikt! spelar ingen roll vilket! att g\u00e5 ner i vikt medf\u00f6r ju en sundare livstil i princip.. men ja, ville bara veta! B\u00f6rjat och b\u00f6rjat&#8230; Var och tr\u00e4nade en g\u00e5ng med min v\u00e4n Ida och det var sjukt &#8230; <a title=\"svar p\u00e5 f\u00e5rgestunden!\" class=\"read-more\" href=\"https:\/\/blogg.improveme.se\/rosannacharles\/2011\/08\/30\/svar-pa-fargestunden\/\" aria-label=\"L\u00e4s mer om svar p\u00e5 f\u00e5rgestunden!\">L\u00e4s mer<\/a><\/p>\n","protected":false},"author":4106,"featured_media":0,"comment_status":"open","ping_status":"open","sticky":false,"template":"","format":"standard","meta":{"footnotes":""},"categories":[1],"tags":[],"class_list":["post-7257","post","type-post","status-publish","format-standard","hentry","category-okategoriserad"],"_links":{"self":[{"href":"https:\/\/blogg.improveme.se\/rosannacharles\/wp-json\/wp\/v2\/posts\/7257","targetHints":{"allow":["GET"]}}],"collection":[{"href":"https:\/\/blogg.improveme.se\/rosannacharles\/wp-json\/wp\/v2\/posts"}],"about":[{"href":"https:\/\/blogg.improveme.se\/rosannacharles\/wp-json\/wp\/v2\/types\/post"}],"author":[{"embeddable":true,"href":"https:\/\/blogg.improveme.se\/rosannacharles\/wp-json\/wp\/v2\/users\/4106"}],"replies":[{"embeddable":true,"href":"https:\/\/blogg.improveme.se\/rosannacharles\/wp-json\/wp\/v2\/comments?post=7257"}],"version-history":[{"count":0,"href":"https:\/\/blogg.improveme.se\/rosannacharles\/wp-json\/wp\/v2\/posts\/7257\/revisions"}],"wp:attachment":[{"href":"https:\/\/blogg.improveme.se\/rosannacharles\/wp-json\/wp\/v2\/media?parent=7257"}],"wp:term":[{"taxonomy":"category","embeddable":true,"href":"https:\/\/blogg.improveme.se\/rosannacharles\/wp-json\/wp\/v2\/categories?post=7257"},{"taxonomy":"post_tag","embeddable":true,"href":"https:\/\/blogg.improveme.se\/rosannacharles\/wp-json\/wp\/v2\/tags?post=7257"}],"curies":[{"name":"wp","href":"https:\/\/api.w.org\/{rel}","templated":true}]}}