{"id":7276,"date":"2011-08-26T02:00:00","date_gmt":"2011-08-26T00:00:00","guid":{"rendered":"http:\/\/blogg.improveme.se\/rosannacharles\/2011\/08\/26\/missa-inte-varan-forfest-imorgon\/"},"modified":"2011-08-26T02:00:00","modified_gmt":"2011-08-26T00:00:00","slug":"missa-inte-varan-forfest-imorgon","status":"publish","type":"post","link":"https:\/\/blogg.improveme.se\/rosannacharles\/2011\/08\/26\/missa-inte-varan-forfest-imorgon\/","title":{"rendered":"Missa inte v\u00e5ran f\u00f6rfest imorgon!"},"content":{"rendered":"<p>Jag vill se er ALLA imorgon! <\/p>\n<p>MODA it is, perfekt l\u00e4ge, billiga priser i baren, alla aktuella bloggare p\u00e5 ett och samma st\u00e4lle + vild musik. Det kan inte bli b\u00e4ttre! Ni befinner er p\u00e5 MODA imorgon n\u00e5gon g\u00e5ng mellan 20:00-01:00 annars blir jag fan besviken! Sedan g\u00e5r vi vidare till n\u00e5got galet st\u00e4lle och r\u00f6jjer tillsammans <img decoding=\"async\" src=\"\/client\/framework\/smileys\/blink.gif\" \/><\/p>\n<p>L\u00e4nk till eventet p\u00e5 Facebook (bjud g\u00e4rna in era v\u00e4nner): l\u00e4nk<br \/> L\u00e4nk till Modas facebook: l\u00e4nk<\/p>\n<p style=\"text-align: center;\"><img loading=\"lazy\" decoding=\"async\" class=\"alignnone size-full wp-image-23936\" src=\"http:\/\/www.gaybloggen.com\/wp-content\/uploads\/2011\/08\/modafest.jpg\" border=\"0\" alt=\"\" title=\"modafest\" width=\"640\" height=\"427\" \/><\/p>\n","protected":false},"excerpt":{"rendered":"<p>Jag vill se er ALLA imorgon! MODA it is, perfekt l\u00e4ge, billiga priser i baren, alla aktuella bloggare p\u00e5 ett och samma st\u00e4lle + vild musik. Det kan inte bli b\u00e4ttre! Ni befinner er p\u00e5 MODA imorgon n\u00e5gon g\u00e5ng mellan 20:00-01:00 annars blir jag fan besviken! Sedan g\u00e5r vi vidare till n\u00e5got galet st\u00e4lle och &#8230; <a title=\"Missa inte v\u00e5ran f\u00f6rfest imorgon!\" class=\"read-more\" href=\"https:\/\/blogg.improveme.se\/rosannacharles\/2011\/08\/26\/missa-inte-varan-forfest-imorgon\/\" aria-label=\"L\u00e4s mer om Missa inte v\u00e5ran f\u00f6rfest imorgon!\">L\u00e4s mer<\/a><\/p>\n","protected":false},"author":4106,"featured_media":0,"comment_status":"open","ping_status":"open","sticky":false,"template":"","format":"standard","meta":{"footnotes":""},"categories":[1],"tags":[],"class_list":["post-7276","post","type-post","status-publish","format-standard","hentry","category-okategoriserad"],"_links":{"self":[{"href":"https:\/\/blogg.improveme.se\/rosannacharles\/wp-json\/wp\/v2\/posts\/7276","targetHints":{"allow":["GET"]}}],"collection":[{"href":"https:\/\/blogg.improveme.se\/rosannacharles\/wp-json\/wp\/v2\/posts"}],"about":[{"href":"https:\/\/blogg.improveme.se\/rosannacharles\/wp-json\/wp\/v2\/types\/post"}],"author":[{"embeddable":true,"href":"https:\/\/blogg.improveme.se\/rosannacharles\/wp-json\/wp\/v2\/users\/4106"}],"replies":[{"embeddable":true,"href":"https:\/\/blogg.improveme.se\/rosannacharles\/wp-json\/wp\/v2\/comments?post=7276"}],"version-history":[{"count":0,"href":"https:\/\/blogg.improveme.se\/rosannacharles\/wp-json\/wp\/v2\/posts\/7276\/revisions"}],"wp:attachment":[{"href":"https:\/\/blogg.improveme.se\/rosannacharles\/wp-json\/wp\/v2\/media?parent=7276"}],"wp:term":[{"taxonomy":"category","embeddable":true,"href":"https:\/\/blogg.improveme.se\/rosannacharles\/wp-json\/wp\/v2\/categories?post=7276"},{"taxonomy":"post_tag","embeddable":true,"href":"https:\/\/blogg.improveme.se\/rosannacharles\/wp-json\/wp\/v2\/tags?post=7276"}],"curies":[{"name":"wp","href":"https:\/\/api.w.org\/{rel}","templated":true}]}}