{"id":7294,"date":"2011-08-22T19:04:00","date_gmt":"2011-08-22T17:04:00","guid":{"rendered":"http:\/\/blogg.improveme.se\/rosannacharles\/2011\/08\/22\/mina-fotter-varker-och-mina-ogon-svider\/"},"modified":"2011-08-22T19:04:00","modified_gmt":"2011-08-22T17:04:00","slug":"mina-fotter-varker-och-mina-ogon-svider","status":"publish","type":"post","link":"https:\/\/blogg.improveme.se\/rosannacharles\/2011\/08\/22\/mina-fotter-varker-och-mina-ogon-svider\/","title":{"rendered":"Mina f\u00f6tter v\u00e4rker och mina \u00f6gon svider"},"content":{"rendered":"<p>Sedan m\u00f6tet klockan tolv har jag h\u00e4ngt efter Jackie &amp; co p\u00e5 stan medans hon shoppat kl\u00e4der. Jag har allts\u00e5 sovit i tv\u00e5 timmar inatt och g\u00e5tt runt i 6 timmar i stan (kom precis hem), \u00e4r helt slut! Jag hatar att g\u00e5 runt i stan, det \u00e4r verkligen det v\u00e4rsta jag vet. Speciellt n\u00e4r det inte handlar om en sj\u00e4lv &#8211; hela dagen har kretsat kring Jackie och hennes j\u00e4vla shopping haha <img decoding=\"async\" src=\"\/client\/framework\/smileys\/blink.gif\" \/><\/p>\n<p>Jag tr\u00e4ffade p\u00e5 Nadia&amp;Dilay inne p\u00e5 H&amp;M &#8211; man blir alltid s\u00e5 glad n\u00e4r man ser dom vildingarna <img decoding=\"async\" src=\"\/client\/framework\/smileys\/happy.gif\" \/><\/p>\n<p><img decoding=\"async\" src=\"http:\/\/improveme.se\/i\/rosanna\/955449.jpg\" border=\"0\" alt=\"\" \/><\/p>\n","protected":false},"excerpt":{"rendered":"<p>Sedan m\u00f6tet klockan tolv har jag h\u00e4ngt efter Jackie &amp; co p\u00e5 stan medans hon shoppat kl\u00e4der. Jag har allts\u00e5 sovit i tv\u00e5 timmar inatt och g\u00e5tt runt i 6 timmar i stan (kom precis hem), \u00e4r helt slut! Jag hatar att g\u00e5 runt i stan, det \u00e4r verkligen det v\u00e4rsta jag vet. Speciellt n\u00e4r &#8230; <a title=\"Mina f\u00f6tter v\u00e4rker och mina \u00f6gon svider\" class=\"read-more\" href=\"https:\/\/blogg.improveme.se\/rosannacharles\/2011\/08\/22\/mina-fotter-varker-och-mina-ogon-svider\/\" aria-label=\"L\u00e4s mer om Mina f\u00f6tter v\u00e4rker och mina \u00f6gon svider\">L\u00e4s mer<\/a><\/p>\n","protected":false},"author":4106,"featured_media":0,"comment_status":"open","ping_status":"open","sticky":false,"template":"","format":"standard","meta":{"footnotes":""},"categories":[1],"tags":[],"class_list":["post-7294","post","type-post","status-publish","format-standard","hentry","category-okategoriserad"],"_links":{"self":[{"href":"https:\/\/blogg.improveme.se\/rosannacharles\/wp-json\/wp\/v2\/posts\/7294","targetHints":{"allow":["GET"]}}],"collection":[{"href":"https:\/\/blogg.improveme.se\/rosannacharles\/wp-json\/wp\/v2\/posts"}],"about":[{"href":"https:\/\/blogg.improveme.se\/rosannacharles\/wp-json\/wp\/v2\/types\/post"}],"author":[{"embeddable":true,"href":"https:\/\/blogg.improveme.se\/rosannacharles\/wp-json\/wp\/v2\/users\/4106"}],"replies":[{"embeddable":true,"href":"https:\/\/blogg.improveme.se\/rosannacharles\/wp-json\/wp\/v2\/comments?post=7294"}],"version-history":[{"count":0,"href":"https:\/\/blogg.improveme.se\/rosannacharles\/wp-json\/wp\/v2\/posts\/7294\/revisions"}],"wp:attachment":[{"href":"https:\/\/blogg.improveme.se\/rosannacharles\/wp-json\/wp\/v2\/media?parent=7294"}],"wp:term":[{"taxonomy":"category","embeddable":true,"href":"https:\/\/blogg.improveme.se\/rosannacharles\/wp-json\/wp\/v2\/categories?post=7294"},{"taxonomy":"post_tag","embeddable":true,"href":"https:\/\/blogg.improveme.se\/rosannacharles\/wp-json\/wp\/v2\/tags?post=7294"}],"curies":[{"name":"wp","href":"https:\/\/api.w.org\/{rel}","templated":true}]}}