{"id":7305,"date":"2011-08-20T22:15:00","date_gmt":"2011-08-20T20:15:00","guid":{"rendered":"http:\/\/blogg.improveme.se\/rosannacharles\/2011\/08\/20\/hemma-fran-the-voice-konserten\/"},"modified":"2011-08-20T22:15:00","modified_gmt":"2011-08-20T20:15:00","slug":"hemma-fran-the-voice-konserten","status":"publish","type":"post","link":"https:\/\/blogg.improveme.se\/rosannacharles\/2011\/08\/20\/hemma-fran-the-voice-konserten\/","title":{"rendered":"Hemma fr\u00e5n The Voice konserten!"},"content":{"rendered":"<p>Ni kanske har m\u00e4rkt att min blogg legat nere i princip hela dagen? Det har tydligen hela Finest gjort&#8230; Ganska st\u00f6rande att inte kunna blogga.\u00a0<\/p>\n<p>Jag har varit hemma typ hela dagen, lagat .lasagne till mina v\u00e4nner och bara softat. Drog f\u00f6rbi kungsan och tittade ett litet tag p\u00e5 The Voice konserten d\u00e4r Sibel upptr\u00e4de. Hon tvingade mig att filma hennes upptr\u00e4danden, l\u00e4gger upp en video snart! Det var sjukt mycket folk d\u00e4r, fick typ klaustrofobi (stavas det s\u00e5?). Tr\u00e4ffade m\u00e5nga unga h\u00e4rliga m\u00e4nniskor som stod och hoppade till Sean Banan haha.\u00a0<\/p>\n<p>Ska bara vara hemma och titta p\u00e5 film fast Sibel tjatar om att jag ska med till efterfesten som \u00e4r p\u00e5 PURE!<\/p>\n<p><img decoding=\"async\" src=\"http:\/\/improveme.se\/i\/rosanna\/953288.jpg\" border=\"0\" alt=\"\" \/><img decoding=\"async\" src=\"http:\/\/improveme.se\/i\/rosanna\/953290.jpg\" border=\"0\" alt=\"\" \/><img decoding=\"async\" src=\"http:\/\/improveme.se\/i\/rosanna\/953285.jpg\" border=\"0\" alt=\"\" style=\"outline-width: 0px; outline-style: initial; outline-color: initial; margin-top: 0px; margin-right: 0px; margin-bottom: 1em; margin-left: 0px; border-width: initial; border-color: initial; border-style: none; padding: 0px;\" \/><img decoding=\"async\" src=\"http:\/\/improveme.se\/i\/rosanna\/953287.jpg\" border=\"0\" alt=\"\" \/><\/p>\n","protected":false},"excerpt":{"rendered":"<p>Ni kanske har m\u00e4rkt att min blogg legat nere i princip hela dagen? Det har tydligen hela Finest gjort&#8230; Ganska st\u00f6rande att inte kunna blogga.\u00a0 Jag har varit hemma typ hela dagen, lagat .lasagne till mina v\u00e4nner och bara softat. Drog f\u00f6rbi kungsan och tittade ett litet tag p\u00e5 The Voice konserten d\u00e4r Sibel upptr\u00e4de. &#8230; <a title=\"Hemma fr\u00e5n The Voice konserten!\" class=\"read-more\" href=\"https:\/\/blogg.improveme.se\/rosannacharles\/2011\/08\/20\/hemma-fran-the-voice-konserten\/\" aria-label=\"L\u00e4s mer om Hemma fr\u00e5n The Voice konserten!\">L\u00e4s mer<\/a><\/p>\n","protected":false},"author":4106,"featured_media":0,"comment_status":"open","ping_status":"open","sticky":false,"template":"","format":"standard","meta":{"footnotes":""},"categories":[1],"tags":[],"class_list":["post-7305","post","type-post","status-publish","format-standard","hentry","category-okategoriserad"],"_links":{"self":[{"href":"https:\/\/blogg.improveme.se\/rosannacharles\/wp-json\/wp\/v2\/posts\/7305","targetHints":{"allow":["GET"]}}],"collection":[{"href":"https:\/\/blogg.improveme.se\/rosannacharles\/wp-json\/wp\/v2\/posts"}],"about":[{"href":"https:\/\/blogg.improveme.se\/rosannacharles\/wp-json\/wp\/v2\/types\/post"}],"author":[{"embeddable":true,"href":"https:\/\/blogg.improveme.se\/rosannacharles\/wp-json\/wp\/v2\/users\/4106"}],"replies":[{"embeddable":true,"href":"https:\/\/blogg.improveme.se\/rosannacharles\/wp-json\/wp\/v2\/comments?post=7305"}],"version-history":[{"count":0,"href":"https:\/\/blogg.improveme.se\/rosannacharles\/wp-json\/wp\/v2\/posts\/7305\/revisions"}],"wp:attachment":[{"href":"https:\/\/blogg.improveme.se\/rosannacharles\/wp-json\/wp\/v2\/media?parent=7305"}],"wp:term":[{"taxonomy":"category","embeddable":true,"href":"https:\/\/blogg.improveme.se\/rosannacharles\/wp-json\/wp\/v2\/categories?post=7305"},{"taxonomy":"post_tag","embeddable":true,"href":"https:\/\/blogg.improveme.se\/rosannacharles\/wp-json\/wp\/v2\/tags?post=7305"}],"curies":[{"name":"wp","href":"https:\/\/api.w.org\/{rel}","templated":true}]}}