{"id":7353,"date":"2011-08-12T10:01:00","date_gmt":"2011-08-12T08:01:00","guid":{"rendered":"http:\/\/blogg.improveme.se\/rosannacharles\/2011\/08\/12\/har-tid-hos-frissan-idag\/"},"modified":"2011-08-12T10:01:00","modified_gmt":"2011-08-12T08:01:00","slug":"har-tid-hos-frissan-idag","status":"publish","type":"post","link":"https:\/\/blogg.improveme.se\/rosannacharles\/2011\/08\/12\/har-tid-hos-frissan-idag\/","title":{"rendered":"Har tid hos frissan idag"},"content":{"rendered":"<p>Godmorgon p\u00e5 er!<\/p>\n<p>Har sovit j\u00e4tte d\u00e5ligt inatt. Vaknade vid 1 och kunde inte somna om. F\u00f6rs\u00f6kte men varenda g\u00e5ng jag h\u00f6ll p\u00e5 att somna tappade jag typ andan p\u00e5 n\u00e5got s\u00e4tt s\u00e5 jag var tvungen att h\u00e5lla mig vaken. Det l\u00e5ter konstigt men jag kan inte riktigt f\u00f6rklara. K\u00e4nde iaf att jag h\u00f6ll p\u00e5 att f\u00e5 en panik\u00e5ngestattack igen s\u00e5 jag satte snabbt p\u00e5 en film och tydligen s\u00e5 hj\u00e4lpte det &#8211; tur!<\/p>\n<p>Nu ska jag hoppa in i duschen f\u00f6r att sedan \u00e5ka med Amir till St:Eriksplan d\u00e4r min mammas v\u00e4n har salong. Jag ska ta ut mina extensions samt s\u00e4tta i nya. Det var ju ett tag sedan sist nu s\u00e5 de har v\u00e4xt ganska mycket.<\/p>\n<p>Updaterar fr\u00e5n salongen sen!<\/p>\n<p style=\"text-align: center;\"><img decoding=\"async\" src=\"http:\/\/improveme.se\/i\/rosanna\/941699.jpg\" border=\"0\" alt=\"\" \/><img decoding=\"async\" src=\"http:\/\/improveme.se\/i\/rosanna\/941700.jpg\" border=\"0\" alt=\"\" \/><\/p>\n","protected":false},"excerpt":{"rendered":"<p>Godmorgon p\u00e5 er! Har sovit j\u00e4tte d\u00e5ligt inatt. Vaknade vid 1 och kunde inte somna om. F\u00f6rs\u00f6kte men varenda g\u00e5ng jag h\u00f6ll p\u00e5 att somna tappade jag typ andan p\u00e5 n\u00e5got s\u00e4tt s\u00e5 jag var tvungen att h\u00e5lla mig vaken. Det l\u00e5ter konstigt men jag kan inte riktigt f\u00f6rklara. K\u00e4nde iaf att jag h\u00f6ll p\u00e5 &#8230; <a title=\"Har tid hos frissan idag\" class=\"read-more\" href=\"https:\/\/blogg.improveme.se\/rosannacharles\/2011\/08\/12\/har-tid-hos-frissan-idag\/\" aria-label=\"L\u00e4s mer om Har tid hos frissan idag\">L\u00e4s mer<\/a><\/p>\n","protected":false},"author":4106,"featured_media":0,"comment_status":"open","ping_status":"open","sticky":false,"template":"","format":"standard","meta":{"footnotes":""},"categories":[1],"tags":[],"class_list":["post-7353","post","type-post","status-publish","format-standard","hentry","category-okategoriserad"],"_links":{"self":[{"href":"https:\/\/blogg.improveme.se\/rosannacharles\/wp-json\/wp\/v2\/posts\/7353","targetHints":{"allow":["GET"]}}],"collection":[{"href":"https:\/\/blogg.improveme.se\/rosannacharles\/wp-json\/wp\/v2\/posts"}],"about":[{"href":"https:\/\/blogg.improveme.se\/rosannacharles\/wp-json\/wp\/v2\/types\/post"}],"author":[{"embeddable":true,"href":"https:\/\/blogg.improveme.se\/rosannacharles\/wp-json\/wp\/v2\/users\/4106"}],"replies":[{"embeddable":true,"href":"https:\/\/blogg.improveme.se\/rosannacharles\/wp-json\/wp\/v2\/comments?post=7353"}],"version-history":[{"count":0,"href":"https:\/\/blogg.improveme.se\/rosannacharles\/wp-json\/wp\/v2\/posts\/7353\/revisions"}],"wp:attachment":[{"href":"https:\/\/blogg.improveme.se\/rosannacharles\/wp-json\/wp\/v2\/media?parent=7353"}],"wp:term":[{"taxonomy":"category","embeddable":true,"href":"https:\/\/blogg.improveme.se\/rosannacharles\/wp-json\/wp\/v2\/categories?post=7353"},{"taxonomy":"post_tag","embeddable":true,"href":"https:\/\/blogg.improveme.se\/rosannacharles\/wp-json\/wp\/v2\/tags?post=7353"}],"curies":[{"name":"wp","href":"https:\/\/api.w.org\/{rel}","templated":true}]}}