{"id":7420,"date":"2011-07-26T12:14:00","date_gmt":"2011-07-26T10:14:00","guid":{"rendered":"http:\/\/blogg.improveme.se\/rosannacharles\/2011\/07\/26\/grattis-pa-fodelsedagen\/"},"modified":"2011-07-26T12:14:00","modified_gmt":"2011-07-26T10:14:00","slug":"grattis-pa-fodelsedagen","status":"publish","type":"post","link":"https:\/\/blogg.improveme.se\/rosannacharles\/2011\/07\/26\/grattis-pa-fodelsedagen\/","title":{"rendered":"Grattis p\u00e5 f\u00f6delsedagen!"},"content":{"rendered":"<p>Idag \u00e4r det ingen vanlig dag f\u00f6r det \u00e4r Daniel Paris f\u00f6delsedag!\u00a0<\/p>\n<p>Daniel m\u00e5r j\u00e4tte d\u00e5ligt \u00f6ver att fylla 23\u00e5r, han k\u00e4nner sig gammal och v\u00e4rdel\u00f6s. Jag tycker att ni alla g\u00e5r in och grattar honom p\u00e5 bloggen och skriver &#8221;Grattis Daniel, du \u00e4r inte gammal bara Ung&amp;Bortsk\u00e4md!&#8221; d\u00e5 blir han s\u00e4kert j\u00e4tte glad <img decoding=\"async\" src=\"\/client\/framework\/smileys\/happy.gif\" \/> Jag hoppas iaf att min v\u00e4n f\u00e5r en h\u00e4rlig dag med familjen samt att han f\u00e5r alla presenter han \u00f6nskat sig! &lt;3 Love U!<\/p>\n<p><img decoding=\"async\" src=\"http:\/\/imgs.sthlmsfinest.com\/imageGalleryImages\/scaled\/477732_737_484_1.jpg\" border=\"0\" \/><\/p>\n","protected":false},"excerpt":{"rendered":"<p>Idag \u00e4r det ingen vanlig dag f\u00f6r det \u00e4r Daniel Paris f\u00f6delsedag!\u00a0 Daniel m\u00e5r j\u00e4tte d\u00e5ligt \u00f6ver att fylla 23\u00e5r, han k\u00e4nner sig gammal och v\u00e4rdel\u00f6s. Jag tycker att ni alla g\u00e5r in och grattar honom p\u00e5 bloggen och skriver &#8221;Grattis Daniel, du \u00e4r inte gammal bara Ung&amp;Bortsk\u00e4md!&#8221; d\u00e5 blir han s\u00e4kert j\u00e4tte glad Jag &#8230; <a title=\"Grattis p\u00e5 f\u00f6delsedagen!\" class=\"read-more\" href=\"https:\/\/blogg.improveme.se\/rosannacharles\/2011\/07\/26\/grattis-pa-fodelsedagen\/\" aria-label=\"L\u00e4s mer om Grattis p\u00e5 f\u00f6delsedagen!\">L\u00e4s mer<\/a><\/p>\n","protected":false},"author":4106,"featured_media":0,"comment_status":"open","ping_status":"open","sticky":false,"template":"","format":"standard","meta":{"footnotes":""},"categories":[1],"tags":[],"class_list":["post-7420","post","type-post","status-publish","format-standard","hentry","category-okategoriserad"],"_links":{"self":[{"href":"https:\/\/blogg.improveme.se\/rosannacharles\/wp-json\/wp\/v2\/posts\/7420","targetHints":{"allow":["GET"]}}],"collection":[{"href":"https:\/\/blogg.improveme.se\/rosannacharles\/wp-json\/wp\/v2\/posts"}],"about":[{"href":"https:\/\/blogg.improveme.se\/rosannacharles\/wp-json\/wp\/v2\/types\/post"}],"author":[{"embeddable":true,"href":"https:\/\/blogg.improveme.se\/rosannacharles\/wp-json\/wp\/v2\/users\/4106"}],"replies":[{"embeddable":true,"href":"https:\/\/blogg.improveme.se\/rosannacharles\/wp-json\/wp\/v2\/comments?post=7420"}],"version-history":[{"count":0,"href":"https:\/\/blogg.improveme.se\/rosannacharles\/wp-json\/wp\/v2\/posts\/7420\/revisions"}],"wp:attachment":[{"href":"https:\/\/blogg.improveme.se\/rosannacharles\/wp-json\/wp\/v2\/media?parent=7420"}],"wp:term":[{"taxonomy":"category","embeddable":true,"href":"https:\/\/blogg.improveme.se\/rosannacharles\/wp-json\/wp\/v2\/categories?post=7420"},{"taxonomy":"post_tag","embeddable":true,"href":"https:\/\/blogg.improveme.se\/rosannacharles\/wp-json\/wp\/v2\/tags?post=7420"}],"curies":[{"name":"wp","href":"https:\/\/api.w.org\/{rel}","templated":true}]}}