{"id":7436,"date":"2011-07-22T14:14:00","date_gmt":"2011-07-22T12:14:00","guid":{"rendered":"http:\/\/blogg.improveme.se\/rosannacharles\/2011\/07\/22\/vilken-galen-kvall-det-var-igar\/"},"modified":"2011-07-22T14:14:00","modified_gmt":"2011-07-22T12:14:00","slug":"vilken-galen-kvall-det-var-igar","status":"publish","type":"post","link":"https:\/\/blogg.improveme.se\/rosannacharles\/2011\/07\/22\/vilken-galen-kvall-det-var-igar\/","title":{"rendered":"vilken galen kv\u00e4ll det var ig\u00e5r!"},"content":{"rendered":"<p>Vi startade kv\u00e4llen med middag p\u00e5 Gipsy. Middagen f\u00f6rvandlades snabbt till en galen fest med extremt mycket shotts och drinkar. Bloggl\u00e4sarna var tokiga ig\u00e5r, de dansade f\u00f6r oss p\u00e5 borden, moonade och kl\u00e4dde av sig nakna. Helt galet var det och st\u00e4mningen var p\u00e5 TOPP! Vi drog vidare till Havanna senare d\u00e4r jag \u00e4ven m\u00f6tte upp Fofo och Neda. Vi satt uppe p\u00e5 VIP ballkongen hela kv\u00e4llen och festade loss. Klockan 3 var ingen redo att g\u00e5 hem s\u00e5 vi pressade in oss i en taxi till Summergarden d\u00e4r vi ocks\u00e5 hade bord.\u00a0<\/p>\n<p>Vid 5 drog vi hem och d\u00e5 h\u00e4nde f\u00f6ljande:<\/p>\n<p>Perrobin slogs med taxichaff\u00f6rer<\/p>\n<p>Jag blev bl\u00e5st p\u00e5 donken<\/p>\n<p>Christian flippade ur i ett kebab st\u00e5nd<\/p>\n<p>Amir smekte en tandl\u00f6s turk s\u00e5 att vi kunde komma hem<\/p>\n<p><img decoding=\"async\" src=\"http:\/\/improveme.se\/i\/rosanna\/914933.jpg\" border=\"0\" alt=\"\" \/><\/p>\n","protected":false},"excerpt":{"rendered":"<p>Vi startade kv\u00e4llen med middag p\u00e5 Gipsy. Middagen f\u00f6rvandlades snabbt till en galen fest med extremt mycket shotts och drinkar. Bloggl\u00e4sarna var tokiga ig\u00e5r, de dansade f\u00f6r oss p\u00e5 borden, moonade och kl\u00e4dde av sig nakna. Helt galet var det och st\u00e4mningen var p\u00e5 TOPP! Vi drog vidare till Havanna senare d\u00e4r jag \u00e4ven m\u00f6tte &#8230; <a title=\"vilken galen kv\u00e4ll det var ig\u00e5r!\" class=\"read-more\" href=\"https:\/\/blogg.improveme.se\/rosannacharles\/2011\/07\/22\/vilken-galen-kvall-det-var-igar\/\" aria-label=\"L\u00e4s mer om vilken galen kv\u00e4ll det var ig\u00e5r!\">L\u00e4s mer<\/a><\/p>\n","protected":false},"author":4106,"featured_media":0,"comment_status":"open","ping_status":"open","sticky":false,"template":"","format":"standard","meta":{"footnotes":""},"categories":[1],"tags":[],"class_list":["post-7436","post","type-post","status-publish","format-standard","hentry","category-okategoriserad"],"_links":{"self":[{"href":"https:\/\/blogg.improveme.se\/rosannacharles\/wp-json\/wp\/v2\/posts\/7436","targetHints":{"allow":["GET"]}}],"collection":[{"href":"https:\/\/blogg.improveme.se\/rosannacharles\/wp-json\/wp\/v2\/posts"}],"about":[{"href":"https:\/\/blogg.improveme.se\/rosannacharles\/wp-json\/wp\/v2\/types\/post"}],"author":[{"embeddable":true,"href":"https:\/\/blogg.improveme.se\/rosannacharles\/wp-json\/wp\/v2\/users\/4106"}],"replies":[{"embeddable":true,"href":"https:\/\/blogg.improveme.se\/rosannacharles\/wp-json\/wp\/v2\/comments?post=7436"}],"version-history":[{"count":0,"href":"https:\/\/blogg.improveme.se\/rosannacharles\/wp-json\/wp\/v2\/posts\/7436\/revisions"}],"wp:attachment":[{"href":"https:\/\/blogg.improveme.se\/rosannacharles\/wp-json\/wp\/v2\/media?parent=7436"}],"wp:term":[{"taxonomy":"category","embeddable":true,"href":"https:\/\/blogg.improveme.se\/rosannacharles\/wp-json\/wp\/v2\/categories?post=7436"},{"taxonomy":"post_tag","embeddable":true,"href":"https:\/\/blogg.improveme.se\/rosannacharles\/wp-json\/wp\/v2\/tags?post=7436"}],"curies":[{"name":"wp","href":"https:\/\/api.w.org\/{rel}","templated":true}]}}