{"id":7463,"date":"2011-07-15T19:42:00","date_gmt":"2011-07-15T17:42:00","guid":{"rendered":"http:\/\/blogg.improveme.se\/rosannacharles\/2011\/07\/15\/min-dag-hittills\/"},"modified":"2011-07-15T19:42:00","modified_gmt":"2011-07-15T17:42:00","slug":"min-dag-hittills","status":"publish","type":"post","link":"https:\/\/blogg.improveme.se\/rosannacharles\/2011\/07\/15\/min-dag-hittills\/","title":{"rendered":"min dag hittills!"},"content":{"rendered":"<p>Jag m\u00e5r lite b\u00e4ttre nu, trots att jag haft en klump i magen och hj\u00e4rtklappning hela dagen. Kan det vara att jag nojjar upp mig \u00f6ver att f\u00e5 en \u00e5ngest attack igen?<\/p>\n<p>Har varit hos mamma idag och tv\u00e4ttat kl\u00e4der, missade ju min tid imorse eftersom jag knappt sovit. Sedan hart vi bara softat ett g\u00e4ng p\u00e5 mammas g\u00e5rd, lekt med h\u00f6norna och hundarna <img decoding=\"async\" src=\"\/client\/framework\/smileys\/happy.gif\" \/><\/p>\n<p>T\u00e4nkte att jag skulle f\u00e4rga h\u00e5ret nu och f\u00e5 i mig n\u00e5got att \u00e4ta. Mina v\u00e4nner vill till ojojoj ikv\u00e4ll men jag vet inte om jag har n\u00e5gon lust att g\u00e5 ut. VI f\u00e5r se &#8211; vill inte sitta hemma ensam iaf.<\/p>\n<p style=\"text-align: center;\">S\u00e5h\u00e4r ser mitt h\u00e5r ut n\u00e4r jag har borstat ut lockarna. Hot or Not!?!?!?!?!<\/p>\n<p style=\"text-align: center;\"><img decoding=\"async\" src=\"http:\/\/improveme.se\/i\/rosanna\/905807.jpg\" border=\"0\" alt=\"\" \/><img decoding=\"async\" src=\"http:\/\/improveme.se\/i\/rosanna\/905809.jpg\" border=\"0\" alt=\"\" \/><\/p>\n","protected":false},"excerpt":{"rendered":"<p>Jag m\u00e5r lite b\u00e4ttre nu, trots att jag haft en klump i magen och hj\u00e4rtklappning hela dagen. Kan det vara att jag nojjar upp mig \u00f6ver att f\u00e5 en \u00e5ngest attack igen? Har varit hos mamma idag och tv\u00e4ttat kl\u00e4der, missade ju min tid imorse eftersom jag knappt sovit. Sedan hart vi bara softat ett &#8230; <a title=\"min dag hittills!\" class=\"read-more\" href=\"https:\/\/blogg.improveme.se\/rosannacharles\/2011\/07\/15\/min-dag-hittills\/\" aria-label=\"L\u00e4s mer om min dag hittills!\">L\u00e4s mer<\/a><\/p>\n","protected":false},"author":4106,"featured_media":0,"comment_status":"open","ping_status":"open","sticky":false,"template":"","format":"standard","meta":{"footnotes":""},"categories":[1],"tags":[],"class_list":["post-7463","post","type-post","status-publish","format-standard","hentry","category-okategoriserad"],"_links":{"self":[{"href":"https:\/\/blogg.improveme.se\/rosannacharles\/wp-json\/wp\/v2\/posts\/7463","targetHints":{"allow":["GET"]}}],"collection":[{"href":"https:\/\/blogg.improveme.se\/rosannacharles\/wp-json\/wp\/v2\/posts"}],"about":[{"href":"https:\/\/blogg.improveme.se\/rosannacharles\/wp-json\/wp\/v2\/types\/post"}],"author":[{"embeddable":true,"href":"https:\/\/blogg.improveme.se\/rosannacharles\/wp-json\/wp\/v2\/users\/4106"}],"replies":[{"embeddable":true,"href":"https:\/\/blogg.improveme.se\/rosannacharles\/wp-json\/wp\/v2\/comments?post=7463"}],"version-history":[{"count":0,"href":"https:\/\/blogg.improveme.se\/rosannacharles\/wp-json\/wp\/v2\/posts\/7463\/revisions"}],"wp:attachment":[{"href":"https:\/\/blogg.improveme.se\/rosannacharles\/wp-json\/wp\/v2\/media?parent=7463"}],"wp:term":[{"taxonomy":"category","embeddable":true,"href":"https:\/\/blogg.improveme.se\/rosannacharles\/wp-json\/wp\/v2\/categories?post=7463"},{"taxonomy":"post_tag","embeddable":true,"href":"https:\/\/blogg.improveme.se\/rosannacharles\/wp-json\/wp\/v2\/tags?post=7463"}],"curies":[{"name":"wp","href":"https:\/\/api.w.org\/{rel}","templated":true}]}}