{"id":7465,"date":"2011-07-15T11:35:00","date_gmt":"2011-07-15T09:35:00","guid":{"rendered":"http:\/\/blogg.improveme.se\/rosannacharles\/2011\/07\/15\/panik-angest\/"},"modified":"2011-07-15T11:35:00","modified_gmt":"2011-07-15T09:35:00","slug":"panik-angest","status":"publish","type":"post","link":"https:\/\/blogg.improveme.se\/rosannacharles\/2011\/07\/15\/panik-angest\/","title":{"rendered":"Panik"},"content":{"rendered":"<p>Jag \u00e4r glad att jag lever idag f\u00f6r jag trodde helt \u00e4rligt att jag skulle d\u00f6 inatt. Det b\u00f6rjade med att jag l\u00e5g och tittade p\u00e5 film med Jackie i en timme och d\u00e5 m\u00e5dde jag bra. N\u00e4r jag sedan skulle f\u00f6rs\u00f6ka sova tappade jag andan. Jag somnade lixom till och vaknade upp av att jag ryckte till i hela kroppen och inte kunde andas. Blev skit r\u00e4dd och ville inte somna men jag var s\u00e5 himla tr\u00f6tt s\u00e5 det h\u00e4nde igen och igen och igen. Tillslut gick jag upp f\u00f6r att dricka vatten, k\u00e4nde mig yr och torr i munnen.\u00a0<\/p>\n<p>Jag satte mig i soffan och f\u00f6rs\u00f6kte andas lugnt och d\u00e5 kom paniken. Jag b\u00f6rjade hyperventilera, kunde inte andas ALLS och gr\u00e4t som ett litet barn. Jackie kom ut och tr\u00f6stade mig och sa att allt var lugnt men det hj\u00e4lpte inte. Det var som om n\u00e5gon satt p\u00e5 min br\u00f6stkorg medans n\u00e5gon annan stoppade fingrarna i halsen p\u00e5 mig. Det var hemskt!<\/p>\n<p>Jag hoppas verkligen att det inte kommer tillbaka igen <img decoding=\"async\" src=\"\/client\/framework\/smileys\/sad.gif\" \/><\/p>\n<p style=\"text-align: center;\"><img decoding=\"async\" src=\"http:\/\/improveme.se\/i\/rosanna\/905224.jpg\" border=\"0\" alt=\"\" \/><\/p>\n","protected":false},"excerpt":{"rendered":"<p>Jag \u00e4r glad att jag lever idag f\u00f6r jag trodde helt \u00e4rligt att jag skulle d\u00f6 inatt. Det b\u00f6rjade med att jag l\u00e5g och tittade p\u00e5 film med Jackie i en timme och d\u00e5 m\u00e5dde jag bra. N\u00e4r jag sedan skulle f\u00f6rs\u00f6ka sova tappade jag andan. Jag somnade lixom till och vaknade upp av att &#8230; <a title=\"Panik\" class=\"read-more\" href=\"https:\/\/blogg.improveme.se\/rosannacharles\/2011\/07\/15\/panik-angest\/\" aria-label=\"L\u00e4s mer om Panik\">L\u00e4s mer<\/a><\/p>\n","protected":false},"author":4106,"featured_media":0,"comment_status":"open","ping_status":"open","sticky":false,"template":"","format":"standard","meta":{"footnotes":""},"categories":[1],"tags":[],"class_list":["post-7465","post","type-post","status-publish","format-standard","hentry","category-okategoriserad"],"_links":{"self":[{"href":"https:\/\/blogg.improveme.se\/rosannacharles\/wp-json\/wp\/v2\/posts\/7465","targetHints":{"allow":["GET"]}}],"collection":[{"href":"https:\/\/blogg.improveme.se\/rosannacharles\/wp-json\/wp\/v2\/posts"}],"about":[{"href":"https:\/\/blogg.improveme.se\/rosannacharles\/wp-json\/wp\/v2\/types\/post"}],"author":[{"embeddable":true,"href":"https:\/\/blogg.improveme.se\/rosannacharles\/wp-json\/wp\/v2\/users\/4106"}],"replies":[{"embeddable":true,"href":"https:\/\/blogg.improveme.se\/rosannacharles\/wp-json\/wp\/v2\/comments?post=7465"}],"version-history":[{"count":0,"href":"https:\/\/blogg.improveme.se\/rosannacharles\/wp-json\/wp\/v2\/posts\/7465\/revisions"}],"wp:attachment":[{"href":"https:\/\/blogg.improveme.se\/rosannacharles\/wp-json\/wp\/v2\/media?parent=7465"}],"wp:term":[{"taxonomy":"category","embeddable":true,"href":"https:\/\/blogg.improveme.se\/rosannacharles\/wp-json\/wp\/v2\/categories?post=7465"},{"taxonomy":"post_tag","embeddable":true,"href":"https:\/\/blogg.improveme.se\/rosannacharles\/wp-json\/wp\/v2\/tags?post=7465"}],"curies":[{"name":"wp","href":"https:\/\/api.w.org\/{rel}","templated":true}]}}