{"id":7668,"date":"2011-06-07T11:02:00","date_gmt":"2011-06-07T09:02:00","guid":{"rendered":"http:\/\/blogg.improveme.se\/rosannacharles\/2011\/06\/07\/blev-busringd-av-vakna-med-the-voice\/"},"modified":"2011-06-07T11:02:00","modified_gmt":"2011-06-07T09:02:00","slug":"blev-busringd-av-vakna-med-the-voice","status":"publish","type":"post","link":"https:\/\/blogg.improveme.se\/rosannacharles\/2011\/06\/07\/blev-busringd-av-vakna-med-the-voice\/","title":{"rendered":"blev busringd av vakna med the voice!"},"content":{"rendered":"<p>Godmorgon!<\/p>\n<p>Mamma ringde precis hem hit och ber\u00e4ttade att hon h\u00f6ll p\u00e5 att s\u00e4tta kaffet i halsen imorse n\u00e4r hon h\u00f6rde att Daniel Paris busringde mig fr\u00e5n the voice. Hon kollar p\u00e5 honom varenda torsdag och tycker han \u00e4r skit gullig. Ska leta fram klippet nu s\u00e5 ska ni f\u00e5 h\u00f6ra &#8211; jag var helt lost n\u00e4r han ringde och l\u00e4t tydligen as tr\u00f6tt! Typiskt mig haha.. Jag ska tv\u00e4tta h\u00e5ret nu sen ska vi m\u00f6ta upp \u00e4lsklings Amir och bada i Essingen, det blir fan 28 grader idag, inget man vill missa <img decoding=\"async\" src=\"\/client\/framework\/smileys\/happy.gif\" \/><\/p>\n<p style=\"text-align: center;\">Bilder fr\u00e5n ig\u00e5r n\u00e4r vi satt och softade i Mariatorget!<\/p>\n<p><img decoding=\"async\" src=\"http:\/\/improveme.se\/i\/rosanna\/848900.jpg\" border=\"0\" alt=\"\" \/><img decoding=\"async\" src=\"http:\/\/improveme.se\/i\/rosanna\/848899.jpg\" border=\"0\" alt=\"\" \/><\/p>\n","protected":false},"excerpt":{"rendered":"<p>Godmorgon! Mamma ringde precis hem hit och ber\u00e4ttade att hon h\u00f6ll p\u00e5 att s\u00e4tta kaffet i halsen imorse n\u00e4r hon h\u00f6rde att Daniel Paris busringde mig fr\u00e5n the voice. Hon kollar p\u00e5 honom varenda torsdag och tycker han \u00e4r skit gullig. Ska leta fram klippet nu s\u00e5 ska ni f\u00e5 h\u00f6ra &#8211; jag var helt &#8230; <a title=\"blev busringd av vakna med the voice!\" class=\"read-more\" href=\"https:\/\/blogg.improveme.se\/rosannacharles\/2011\/06\/07\/blev-busringd-av-vakna-med-the-voice\/\" aria-label=\"L\u00e4s mer om blev busringd av vakna med the voice!\">L\u00e4s mer<\/a><\/p>\n","protected":false},"author":4106,"featured_media":0,"comment_status":"open","ping_status":"open","sticky":false,"template":"","format":"standard","meta":{"footnotes":""},"categories":[1],"tags":[],"class_list":["post-7668","post","type-post","status-publish","format-standard","hentry","category-okategoriserad"],"_links":{"self":[{"href":"https:\/\/blogg.improveme.se\/rosannacharles\/wp-json\/wp\/v2\/posts\/7668","targetHints":{"allow":["GET"]}}],"collection":[{"href":"https:\/\/blogg.improveme.se\/rosannacharles\/wp-json\/wp\/v2\/posts"}],"about":[{"href":"https:\/\/blogg.improveme.se\/rosannacharles\/wp-json\/wp\/v2\/types\/post"}],"author":[{"embeddable":true,"href":"https:\/\/blogg.improveme.se\/rosannacharles\/wp-json\/wp\/v2\/users\/4106"}],"replies":[{"embeddable":true,"href":"https:\/\/blogg.improveme.se\/rosannacharles\/wp-json\/wp\/v2\/comments?post=7668"}],"version-history":[{"count":0,"href":"https:\/\/blogg.improveme.se\/rosannacharles\/wp-json\/wp\/v2\/posts\/7668\/revisions"}],"wp:attachment":[{"href":"https:\/\/blogg.improveme.se\/rosannacharles\/wp-json\/wp\/v2\/media?parent=7668"}],"wp:term":[{"taxonomy":"category","embeddable":true,"href":"https:\/\/blogg.improveme.se\/rosannacharles\/wp-json\/wp\/v2\/categories?post=7668"},{"taxonomy":"post_tag","embeddable":true,"href":"https:\/\/blogg.improveme.se\/rosannacharles\/wp-json\/wp\/v2\/tags?post=7668"}],"curies":[{"name":"wp","href":"https:\/\/api.w.org\/{rel}","templated":true}]}}