{"id":7694,"date":"2011-06-02T14:13:00","date_gmt":"2011-06-02T12:13:00","guid":{"rendered":"http:\/\/blogg.improveme.se\/rosannacharles\/2011\/06\/02\/solidaritet-5ar\/"},"modified":"2011-06-02T14:13:00","modified_gmt":"2011-06-02T12:13:00","slug":"solidaritet-5ar","status":"publish","type":"post","link":"https:\/\/blogg.improveme.se\/rosannacharles\/2011\/06\/02\/solidaritet-5ar\/","title":{"rendered":"Solidaritet 5\u00e5r"},"content":{"rendered":"<p>Tjeenaree!!<\/p>\n<p>Ligger lite helv d\u00f6d i soffan men det \u00e4r det fan v\u00e4rt. Hade sjukt roligt ig\u00e5r! B\u00f6rjade kv\u00e4llen med att \u00e5ka hem till Oscar som hade fixat med l\u00e5ngbord p\u00e5 sin uteplats f\u00f6r 40pers. Det bj\u00f6ds p\u00e5 grillad mat, vin i m\u00e4ngder och magdans. Stannade d\u00e4r enda fram till 02 innan vi drog till Solli som hade 5\u00e5rs jubileum. Det var lika mycket folk inne som utanf\u00f6r &#8211; man fick lixom pressa sig in, het sjukt. Tr\u00e4ffade p\u00e5 Jonte och hans kompisar d\u00e4r inne som jag h\u00e4ngde med samt Jessica o co. Stannade till 04 men sen var jag alldelens f\u00f6r tr\u00f6tt s\u00e5 jag \u00e5kte hem!<\/p>\n<p>Nu sitter vi och planerar inf\u00f6r sk\u00e5ne resan imorgon bitti. Jag vill verkligen bort. Det ska bli s\u00e5 himla sk\u00f6nt att bara byta milj\u00f6 ett tag och tr\u00e4ffa nya h\u00e4rliga m\u00e4nniskor. Hoppas ni \u00e4r redo f\u00f6r oss <img decoding=\"async\" src=\"\/client\/framework\/smileys\/blink.gif\" \/><\/p>\n<p><img decoding=\"async\" src=\"http:\/\/improveme.se\/i\/rosanna\/841579.jpg\" border=\"0\" alt=\"\" \/><\/p>\n<p style=\"text-align: center;\">Jag och systrarna Laur\u00e9n n\u00e5gon g\u00e5ng inatt!<\/p>\n<p><img decoding=\"async\" src=\"http:\/\/improveme.se\/i\/rosanna\/841580.jpg\" border=\"0\" alt=\"\" \/><\/p>\n<p style=\"text-align: center;\">Vi ser helt galna ut haha!<\/p>\n<p style=\"text-align: center;\"><img decoding=\"async\" src=\"http:\/\/improveme.se\/i\/rosanna\/841581.jpg\" border=\"0\" alt=\"\" \/><\/p>\n<p style=\"text-align: center;\">Hade knappt smink p\u00e5 mig ig\u00e5r, syns det?<\/p>\n","protected":false},"excerpt":{"rendered":"<p>Tjeenaree!! Ligger lite helv d\u00f6d i soffan men det \u00e4r det fan v\u00e4rt. Hade sjukt roligt ig\u00e5r! B\u00f6rjade kv\u00e4llen med att \u00e5ka hem till Oscar som hade fixat med l\u00e5ngbord p\u00e5 sin uteplats f\u00f6r 40pers. Det bj\u00f6ds p\u00e5 grillad mat, vin i m\u00e4ngder och magdans. Stannade d\u00e4r enda fram till 02 innan vi drog till &#8230; <a title=\"Solidaritet 5\u00e5r\" class=\"read-more\" href=\"https:\/\/blogg.improveme.se\/rosannacharles\/2011\/06\/02\/solidaritet-5ar\/\" aria-label=\"L\u00e4s mer om Solidaritet 5\u00e5r\">L\u00e4s mer<\/a><\/p>\n","protected":false},"author":4106,"featured_media":0,"comment_status":"open","ping_status":"open","sticky":false,"template":"","format":"standard","meta":{"footnotes":""},"categories":[1],"tags":[],"class_list":["post-7694","post","type-post","status-publish","format-standard","hentry","category-okategoriserad"],"_links":{"self":[{"href":"https:\/\/blogg.improveme.se\/rosannacharles\/wp-json\/wp\/v2\/posts\/7694","targetHints":{"allow":["GET"]}}],"collection":[{"href":"https:\/\/blogg.improveme.se\/rosannacharles\/wp-json\/wp\/v2\/posts"}],"about":[{"href":"https:\/\/blogg.improveme.se\/rosannacharles\/wp-json\/wp\/v2\/types\/post"}],"author":[{"embeddable":true,"href":"https:\/\/blogg.improveme.se\/rosannacharles\/wp-json\/wp\/v2\/users\/4106"}],"replies":[{"embeddable":true,"href":"https:\/\/blogg.improveme.se\/rosannacharles\/wp-json\/wp\/v2\/comments?post=7694"}],"version-history":[{"count":0,"href":"https:\/\/blogg.improveme.se\/rosannacharles\/wp-json\/wp\/v2\/posts\/7694\/revisions"}],"wp:attachment":[{"href":"https:\/\/blogg.improveme.se\/rosannacharles\/wp-json\/wp\/v2\/media?parent=7694"}],"wp:term":[{"taxonomy":"category","embeddable":true,"href":"https:\/\/blogg.improveme.se\/rosannacharles\/wp-json\/wp\/v2\/categories?post=7694"},{"taxonomy":"post_tag","embeddable":true,"href":"https:\/\/blogg.improveme.se\/rosannacharles\/wp-json\/wp\/v2\/tags?post=7694"}],"curies":[{"name":"wp","href":"https:\/\/api.w.org\/{rel}","templated":true}]}}