{"id":8972,"date":"2013-01-12T12:33:37","date_gmt":"2013-01-12T11:33:37","guid":{"rendered":"http:\/\/blogg.improveme.se\/rosannacharles\/?p=8972"},"modified":"2013-01-12T12:33:37","modified_gmt":"2013-01-12T11:33:37","slug":"vart-ar-alla-tv-program","status":"publish","type":"post","link":"https:\/\/blogg.improveme.se\/rosannacharles\/2013\/01\/12\/vart-ar-alla-tv-program\/","title":{"rendered":"Vart \u00e4r alla TV program?"},"content":{"rendered":"<p>Har suttit i telefon med Daniel Paris i \u00f6ver en timme nu och vi har pratat om precis allt mellan himmel och jord. Det som vi \u00e4r mest uppr\u00f6rda \u00f6ver \u00e4r vad som h\u00e4nt med TVn! Vart \u00e4r alla program? Vi vill ha n\u00e5got att underh\u00e5lla oss med efter jobbet. Vi vill skratta \u00e5t folk som sk\u00e4mmer ut sig. VI VILL HA NYA DOKUS\u00c5PASTJ\u00c4RNOR! <em>(det finns inget b\u00e4ttre \u00e4n folk som \u00e4r k\u00e4nda f\u00f6r precis ingenting)<\/em><\/p>\n<p><strong>Ska man beh\u00f6va ta tag i saken med egna h\u00e4nder eller?<\/strong><\/p>\n<p><strong><a href=\"http:\/\/blogg.improveme.se\/rosannacharles\/files\/2013\/01\/Untitled.png\"><img loading=\"lazy\" decoding=\"async\" class=\"alignnone size-full wp-image-8973\" src=\"http:\/\/blogg.improveme.se\/rosannacharles\/files\/2013\/01\/Untitled.png\" alt=\"\" width=\"477\" height=\"503\" srcset=\"https:\/\/blogg.improveme.se\/rosannacharles\/files\/2013\/01\/Untitled.png 477w, https:\/\/blogg.improveme.se\/rosannacharles\/files\/2013\/01\/Untitled-284x300.png 284w\" sizes=\"auto, (max-width: 477px) 100vw, 477px\" \/><\/a><\/strong><\/p>\n","protected":false},"excerpt":{"rendered":"<p>Har suttit i telefon med Daniel Paris i \u00f6ver en timme nu och vi har pratat om precis allt mellan himmel och jord. Det som vi \u00e4r mest uppr\u00f6rda \u00f6ver \u00e4r vad som h\u00e4nt med TVn! Vart \u00e4r alla program? Vi vill ha n\u00e5got att underh\u00e5lla oss med efter jobbet. Vi vill skratta \u00e5t folk &#8230; <a title=\"Vart \u00e4r alla TV program?\" class=\"read-more\" href=\"https:\/\/blogg.improveme.se\/rosannacharles\/2013\/01\/12\/vart-ar-alla-tv-program\/\" aria-label=\"L\u00e4s mer om Vart \u00e4r alla TV program?\">L\u00e4s mer<\/a><\/p>\n","protected":false},"author":4106,"featured_media":0,"comment_status":"open","ping_status":"open","sticky":false,"template":"","format":"standard","meta":{"footnotes":""},"categories":[1],"tags":[],"class_list":["post-8972","post","type-post","status-publish","format-standard","hentry","category-okategoriserad"],"_links":{"self":[{"href":"https:\/\/blogg.improveme.se\/rosannacharles\/wp-json\/wp\/v2\/posts\/8972","targetHints":{"allow":["GET"]}}],"collection":[{"href":"https:\/\/blogg.improveme.se\/rosannacharles\/wp-json\/wp\/v2\/posts"}],"about":[{"href":"https:\/\/blogg.improveme.se\/rosannacharles\/wp-json\/wp\/v2\/types\/post"}],"author":[{"embeddable":true,"href":"https:\/\/blogg.improveme.se\/rosannacharles\/wp-json\/wp\/v2\/users\/4106"}],"replies":[{"embeddable":true,"href":"https:\/\/blogg.improveme.se\/rosannacharles\/wp-json\/wp\/v2\/comments?post=8972"}],"version-history":[{"count":0,"href":"https:\/\/blogg.improveme.se\/rosannacharles\/wp-json\/wp\/v2\/posts\/8972\/revisions"}],"wp:attachment":[{"href":"https:\/\/blogg.improveme.se\/rosannacharles\/wp-json\/wp\/v2\/media?parent=8972"}],"wp:term":[{"taxonomy":"category","embeddable":true,"href":"https:\/\/blogg.improveme.se\/rosannacharles\/wp-json\/wp\/v2\/categories?post=8972"},{"taxonomy":"post_tag","embeddable":true,"href":"https:\/\/blogg.improveme.se\/rosannacharles\/wp-json\/wp\/v2\/tags?post=8972"}],"curies":[{"name":"wp","href":"https:\/\/api.w.org\/{rel}","templated":true}]}}