{"id":1162,"date":"2010-11-18T14:44:00","date_gmt":"2010-11-18T13:44:00","guid":{"rendered":"http:\/\/blogg.improveme.se\/sarahgrundenw\/2010\/11\/18\/lite-svar-pa-lasarfragor-2\/"},"modified":"2010-11-18T14:44:00","modified_gmt":"2010-11-18T13:44:00","slug":"lite-svar-pa-lasarfragor-2","status":"publish","type":"post","link":"https:\/\/blogg.improveme.se\/sarahgrundenw\/2010\/11\/18\/lite-svar-pa-lasarfragor-2\/","title":{"rendered":"Lite svar p\u00e5 l\u00e4sarfr\u00e5gor!"},"content":{"rendered":"<p style=\"text-align: center;\">&nbsp;<\/p>\n<p style=\"text-align: center;\"><span style=\"font-family: courier new,courier; font-size: small;\">Hej alla! H&auml;r kommer lite svar (f&ouml;rsenade sorry) p&aring; n&aring;gra av era fr&aring;gor. Vissa har jag svarat direkt i f&auml;ltet (kommentar) bara s&aring; ni vet :-). Dessutom gjorde jag en liten sammanfattning av fr&aring;gor ang&aring;ende dieten och l&auml;pparna tidigare, hoppas att ni sett det! <\/span><\/p>\n<p style=\"text-align: center;\"><span style=\"font-family: courier new,courier; font-size: small;\">Kram!<\/span><\/p>\n<p style=\"text-align: center;\">&nbsp;<\/p>\n<p style=\"text-align: center;\"><strong><em><span style=\"font-family: courier new,courier; font-size: small;\">Du &auml;r s&aring; vacker! Skulle du inte kunna ber&auml;tta hur du sminkat dig inf&ouml;r  Operakv&auml;llen, dina kindben gl&auml;nser sa fint. Tips p&aring; highlighter (som du  ser ut att ha) skulle jag g&auml;rna vilja ta del av och &auml;ven andra produkter  du anv&auml;nt dig av..om du vill. Bra blogg! Eva<\/span><\/em><\/strong><\/p>\n<p style=\"text-align: center;\"><span style=\"font-family: courier new,courier; font-size: small;\">Hej Eva! Tack s&ouml;ta du f&ouml;r komplimangen :-). Jag kan l&auml;gga upp en liten video som visar hur man enkelt m&aring;lar kindbenen p&aring; ett bra s&auml;tt, inl tips om produkter!<\/span><\/p>\n<p style=\"text-align: center;\"><span style=\"font-family: courier new,courier; font-size: small;\">Kram<br \/><\/span><\/p>\n<p style=\"text-align: center;\">&nbsp;<\/p>\n<p style=\"text-align: center;\"><strong><em><span style=\"font-family: courier new,courier; font-size: small;\">Vad nyfiken jag blev p&aring; hur din inredningssmak &auml;r i &ouml;vrigt. &Auml;r det  shabby chict eller minimalistiskt? Visa bilder p&aring; l&auml;genheten! &Auml;lskar n&auml;r  bloggerskor visar bilder p&aring; hur de inrett sina hem \ud83d\ude00 Anna<\/span><\/em><\/strong><\/p>\n<p style=\"text-align: center;\"><span style=\"font-family: courier new,courier; font-size: small;\">Hej Anna! Jag svarade p&aring; din fr&aring;ga tidigare men tyckte att det var kul att l&auml;gga upp den h&auml;r d&aring; det handlar om inredning :-). Jag &auml;r lite k&auml;nslig f&ouml;r att l&auml;gga upp st&ouml;rre bilder p&aring; mitt hem (sorry!), dock kan jag l&auml;gga upp detaljbilder f&ouml;r inspiration, jag hoppas att detta &auml;r ok! Jag &auml;r INTE minimalistisk, jag tycker inte om h&ouml;gglans och kromade m&ouml;bler, jag gillar tr&auml; och v&auml;rme. Lite chabby chic kan man s&auml;ga :-).<\/span><em><span style=\"font-family: courier new,courier; font-size: small;\">&nbsp;<\/span><\/em><strong><em><span style=\"font-family: courier new,courier; font-size: small;\"><br \/><\/span><\/em><\/strong><\/p>\n<p style=\"text-align: center;\"><span style=\"font-family: courier new,courier; font-size: small;\">Kram<\/span><\/p>\n<p style=\"text-align: center;\">&nbsp;<\/p>\n<p style=\"text-align: center;\"><strong><em><span style=\"font-family: courier new,courier; font-size: small;\">Hur mycket betalar du i frakt n&auml;r du best&auml;ller fr&aring;n Asos, allts&aring; hur mycket blir det allt som allt? \ud83d\ude42 a<\/span><\/em><\/strong><\/p>\n<p style=\"text-align: center;\"><span style=\"font-family: courier new,courier; font-size: small;\">Hej A, jag tror att det kostar runt 50-70:-!<\/span><\/p>\n<p style=\"text-align: center;\"><span style=\"font-family: courier new,courier; font-size: small;\">Kram<\/span><\/p>\n<p style=\"text-align: center;\">&nbsp;<\/p>\n<p style=\"text-align: center;\"><strong><em><span style=\"font-family: courier new,courier; font-size: small;\">Var det sv&aring;rt att dieta? Smakar drinkarna gott? Funderar p&aring; att k&ouml;ra! Hur mycket gick du ner? KRAM A<\/span><\/em><\/strong><\/p>\n<p style=\"text-align: center;\"><span style=\"font-family: courier new,courier; font-size: small;\">Hej A! Njae, eller, det g&auml;ller att vara envis och ha sj&auml;lvdiciplin. F&ouml;rsta veckan var sv&aring;r, &auml;ven de f&ouml;rsta g&aring;ngerna jag gick ut\/hade middag med v&auml;nnerna, men man vande sig efter ett tag! Blev Taxi Sarah ;-). Yepp, de smakar j&auml;tte gott, jag mixar dem med is i en blender s&aring; att de blir som milkshakes :-). Jag gick ner ca 10 kg!<\/span><\/p>\n<p style=\"text-align: center;\"><span style=\"font-family: courier new,courier; font-size: small;\">Kram<\/span><em><span style=\"font-family: courier new,courier; font-size: small;\">&nbsp;<\/span><\/em><strong><em><span style=\"font-family: courier new,courier; font-size: small;\"><br \/><\/span><\/em><\/strong><\/p>\n<p style=\"text-align: center;\">&nbsp;<\/p>\n<p style=\"text-align: center;\"><strong><em><span style=\"font-family: courier new,courier; font-size: small;\">Trivdes du i England? Skulle du kunna t&auml;nka dig att flytta tillbaka? Kram Anglofil<\/span><\/em><\/strong><em><span style=\"font-family: courier new,courier; font-size: small;\">&nbsp;<\/span><\/em><\/p>\n<p style=\"text-align: center;\"><span style=\"font-family: courier new,courier; font-size: small;\">Jag &Auml;LSKAR England, kommer alltid g&ouml;ra det! Hade g&auml;rna flyttat tillbaka en sv&auml;ng, saknar London, folket, teatrarna, pubbarna, mentaliteten, musik livet osv. Mina v&auml;nner ocks&aring; s&aring; klart! Det optimala f&ouml;r mig hade varit om jag kunde ha basen h&auml;r i Stockholm och sedan &aring;ka dit f&ouml;r jobb. Gillar Stockholm, &auml;r lite tr&ouml;tt p&aring; den Brittiska standarden :-). <\/span><strong><span style=\"font-family: courier new,courier; font-size: small;\">&nbsp;<\/span><em><span style=\"font-family: courier new,courier; font-size: small;\">&nbsp;<\/span><\/em><\/strong><\/p>\n<p style=\"text-align: center;\"><span style=\"font-family: courier new,courier; font-size: small;\">Kram<\/span><strong><span style=\"font-family: courier new,courier; font-size: small;\">&nbsp;<\/span><em><span style=\"font-family: courier new,courier; font-size: small;\"><br \/><\/span><\/em><\/strong><\/p>\n<p style=\"text-align: center;\">&nbsp;<\/p>\n<p style=\"text-align: center;\"><strong><em><span style=\"font-family: courier new,courier; font-size: small;\">Var kan man k&ouml;pa ditt diet- pulver? Kan man tex &auml;ta pulver frukost, middag, och &auml;ta vanlig mat mitt p&aring; dagen? Tack f&ouml;r en super blogg! Amanda<\/span><\/em><\/strong><\/p>\n<p style=\"text-align: center;\"><span style=\"font-family: courier new,courier; font-size: small;\">Hej Amanda! Det &auml;r Xtravagansas program jag f&ouml;ljt, du kan g&aring; in och kika p&aring; deras hemsida! Det finns 2 olika s&auml;tt att &auml;ta det p&aring;, Helfart (alla m&aring;l byts ut till shaker) eller Halvfart. Om du fortfarande vill &auml;ta mat och inte bara dricka shakes s&aring; kan du g&aring; p&aring; halvfart, d&aring; byter du ut n&aring;gra m&aring;l! <\/span><\/p>\n<p style=\"text-align: center;\"><span style=\"font-family: courier new,courier; font-size: small;\">Kram<\/span><em><span style=\"font-family: courier new,courier; font-size: small;\">&nbsp;<\/span><\/em><strong><em><span style=\"font-family: courier new,courier; font-size: small;\"><br \/><\/span><\/em><\/strong><\/p>\n<p style=\"text-align: center;\">&nbsp;<\/p>\n<p style=\"text-align: center;\"><strong><em><span style=\"font-family: courier new,courier; font-size: small;\">Hej!  Gillar din blogg massor! Undrar om dina l&auml;ppar. Kan du ber&auml;tta lite  detaljer. t.ex var du gjorde dem, hur mycket du gjorde, vad det kostade,  &auml;r du n&ouml;jd? osv. Du &auml;r fin tycker jag! Sophie<\/span><\/em><\/strong><\/p>\n<p style=\"text-align: center;\">&nbsp;<\/p>\n<p style=\"text-align: center;\"><span style=\"font-family: courier new,courier; font-size: small;\">Hej Sophie! Tack, j&auml;tte kul att h&ouml;ra :-)! Jag gjorde mina l&auml;ppar p&aring; LifestyleClinic (Kungsgatan i Stockholm). &Auml;mnet heter Teosyal och h&aring;ller l&auml;ngre &auml;n t.ex Restylane. Jag har n&auml;stan i 1 ml var i &ouml;ver\/underl&auml;pp, kostnaden f&ouml;r detta varierar beroende p&aring; klinik, men det brukar ligga runt 3600:- per 1 ml. <\/span><\/p>\n<p style=\"text-align: center;\"><span style=\"font-family: courier new,courier; font-size: small;\">Tack och kram!<\/span><strong><span style=\"font-family: courier new,courier; font-size: small;\">&nbsp;<\/span><em><span style=\"font-family: courier new,courier; font-size: small;\"><br \/><\/span><\/em><\/strong><\/p>\n<p style=\"text-align: center;\">&nbsp;<\/p>\n<p style=\"text-align: center;\"><strong><em><span style=\"font-family: courier new,courier; font-size: small;\">1) Jag har inte f&ouml;ljt din blogg s&aring; super l&auml;nge men fastande s&aring; fort jag  b&ouml;rjade \ud83d\ude42 s&aring; jag vet inte om du redan tagit upp det h&auml;r, och det &auml;r  tips p&aring; hur man l&auml;gger en eyeliner s&aring; det blir snyggt! Jag f&aring;r bara till  det ibland och d&aring; har den blivit bra av en ren slump. Hur vet man hur  mycket man ska vinkla den upp osv&#8230;f&ouml;r jag antar att man m&aring;ste anpassa  efter hur ens &ouml;ga och &ouml;gonbryn &auml;r formade? Och vart b&ouml;rjar man sj&auml;lva  m&aring;landet&#8230;osv En g&aring;ta f&ouml;r mig&#8230;sn&auml;lla hj&auml;lp!  2) Och sen undrar jag varf&ouml;r du gjorde dina l&auml;ppar st&ouml;rre? Jag f&ouml;rst&aring;r  p&aring; ett s&auml;tt men p&aring; ett annat s&auml;tt blir jag ledsen att det inte finns s&aring;  m&aring;nga NATURLIGT vackra f&ouml;rebilder l&auml;ngre&#8230;alla g&ouml;r ditt och datt och  f&ouml;r vidare att vi tjejer inte duger utseendem&auml;ssigt som vi &auml;r! &Auml;kta  sk&ouml;nhet &auml;r enligt mig n&aring;gon som utstr&aring;lar k&auml;rlek och v&auml;rme. Usch&#8230;vi  lever i en s&aring;n kall och h&aring;rd v&auml;rld. Ingen f&aring;r vara sig sj&auml;lv l&auml;ngre. S&aring;  mycket som handlar om att leva egoistiskt &#8211; tj&auml;na pengar f&ouml;r att gynna  enbart en sj&auml;lv. Sorry f&ouml;r mitt sista inl&auml;gg&#8230;det bara kom, f&ouml;r jag  blir ju sj&auml;lv s&aring; p&aring;verkad och b&ouml;rjar tro att jag m&aring;ste operera min n&auml;sa  och g&ouml;ra st&ouml;rre l&auml;ppar f&ouml;r att jag inte borde f&aring; k&auml;nna mig snygg som jag  &auml;r&#8230;     Tack och kram Ida<\/span><\/em><\/strong><\/p>\n<p style=\"text-align: center;\"><span style=\"font-family: courier new,courier; font-size: small;\">Hej Ida<\/span><\/p>\n<p style=\"text-align: center;\"><span style=\"font-family: courier new,courier; font-size: small;\">Sj&auml;lvklart, jag ordnar en video om detta! Det &auml;r enklast att f&ouml;rklara i r&ouml;rlig bild. <\/span><\/p>\n<p style=\"text-align: center;\"><span style=\"font-family: courier new,courier; font-size: small;\">Ang&aring;ende dagens samh&auml;lle&#8230; jag kan inte g&ouml;ra annat &auml;n att h&aring;lla med dig&#8230; Jag har n&auml;mnt detta i ett tidigare inl&auml;gg, <\/span><span style=\"font-family: courier new,courier; font-size: small;\">jag gjorde l&auml;pparna enbart f&ouml;r att jag var nyfiken.<\/span><span style=\"font-family: courier new,courier; font-size: small;\"> Jag &auml;r dock totalt ointresserad av att ta till kniven f&ouml;r en permanent f&ouml;r&auml;ndring, men pr&ouml;var g&auml;rna p&aring; nya saker. Nu har jag gjort l&auml;pparna, nu vet jag hur det k&auml;nns, hur det ser ut p&aring; mig osv. <\/span><span style=\"font-family: courier new,courier; font-size: small;\"> Jag har absolut ingenting emot sk&ouml;nhetsingrepp, jag tycker att det &auml;r  upp till var och en vad de vill g&ouml;ra med sina egna kroppar. I grund och botten tror jag att det handlar om att man m&aring;ste vara bekv&auml;m och s&auml;ker i sig sj&auml;lv, l&aring;ter klich&eacute; men det &auml;r verkligen s&aring;. Och ja, jag h&aring;ller med dig att &auml;kta &auml;r vackrast!! Finns dock m&aring;nga som har komplex, inte bara pga att samh&auml;llet ser ut som det g&ouml;r idag utan faktiskt m&aring;r riktigt d&aring;ligt &ouml;ver en kroppsdel och d&aring; &auml;r det bra att dessa m&ouml;jligheter finns. <\/span><\/p>\n<p style=\"text-align: center;\"><span style=\"font-family: courier new,courier; font-size: small;\">Men jag h&aring;ller med dig. Det &auml;r en fake v&auml;rld vi lever i. <br \/><\/span><\/p>\n<p style=\"text-align: center;\"><span style=\"font-family: courier new,courier; font-size: small;\">Kram<br \/><\/span><\/p>\n<p style=\"text-align: center;\">&nbsp;<\/p>\n<p style=\"text-align: center;\"><strong><em><span style=\"font-family: courier new,courier; font-size: small;\">Vad lyssnar du p&aring; i musikv&auml;g? \ud83d\ude42 Tilla<\/span><\/em><\/strong><\/p>\n<p style=\"text-align: center;\"><span style=\"font-family: courier new,courier; font-size: small;\">Hej Tilla! Oh, jag lyssnar p&aring; ALLT! N&auml;r jag utbildade mig till s&aring;ngerska blev jag tvungen att l&auml;ra mig det tekniska inom alla stilar (allt ifr&aring;n raggae, jazz, prog.rock osv). D&auml;rav &auml;r jag v&auml;ldigt &ouml;ppen f&ouml;r olika stilar och hittar alltid n&aring;gonting jag gillar! N&auml;r jag &auml;r hemma sj&auml;lv lyssnar jag g&auml;rna p&aring; klassiskt eller filmmusik :-).<\/span><\/p>\n<p style=\"text-align: center;\"><span style=\"font-family: courier new,courier; font-size: small;\">Kram<\/span><strong><span style=\"font-family: courier new,courier; font-size: small;\">&nbsp;<\/span><em><span style=\"font-family: courier new,courier; font-size: small;\"><br \/><\/span><\/em><\/strong><\/p>\n<p style=\"text-align: center;\">&nbsp;<\/p>\n<p style=\"text-align: center;\"><span style=\"font-family: courier new,courier; font-size: small;\"><em><strong>Jag tycker det skulle vara roligt om du kunde visa fler bilder p&aring;  &ouml;gonbryn du gjort och lite allm&auml;nna tips, typ vad man ska t&auml;nka p&aring;  fr&auml;mst&#8230;&ouml;gonbrynskit som &auml;r bra osv.  Sen undrar jag var du helst shoppar kl&auml;der och vilket som &auml;r ditt  favvosminkm&auml;rke \ud83d\ude42  Tack f&ouml;r en inspirationsrik blogg! Kram! Maria<\/strong><\/em><\/span><\/p>\n<p style=\"text-align: center;\"><span style=\"font-family: courier new,courier; font-size: small;\">Hej Maria, tack! Oooooh detta med bryn, jag f&aring;r f&aring;ligt samvete varje g&aring;ng jag f&aring;r en kommentar om detta!! Jag m&aring;ste fixa det p&aring; n&aring;t bra s&auml;tt, hade ju helst ha vanliga m&auml;nniskor som jag fotar, men jag f&aring;r f&ouml;rs&ouml;ka komma p&aring; n&aring;t enklare s&auml;tt att fixa detta p&aring;. Kl&auml;der, jag shoppar mycket p&aring; n&auml;tet, som p&aring; asos t.ex, sedan mindre butiker i stan, &auml;ven m&auml;rken som Zara gillar jag. Och HM s&aring; klart!!<\/span><\/p>\n<p style=\"text-align: center;\"><span style=\"font-family: courier new,courier; font-size: small;\">Kram<\/span><\/p>\n","protected":false},"excerpt":{"rendered":"<p>&nbsp; Hej alla! H&auml;r kommer lite svar (f&ouml;rsenade sorry) p&aring; n&aring;gra av era fr&aring;gor. Vissa har jag svarat direkt i f&auml;ltet (kommentar) bara s&aring; ni vet :-). Dessutom gjorde jag en liten sammanfattning av fr&aring;gor ang&aring;ende dieten och l&auml;pparna tidigare, hoppas att ni sett det! Kram! &nbsp; Du &auml;r s&aring; vacker! Skulle du inte kunna &#8230; <a title=\"Lite svar p\u00e5 l\u00e4sarfr\u00e5gor!\" class=\"read-more\" href=\"https:\/\/blogg.improveme.se\/sarahgrundenw\/2010\/11\/18\/lite-svar-pa-lasarfragor-2\/\" aria-label=\"L\u00e4s mer om Lite svar p\u00e5 l\u00e4sarfr\u00e5gor!\">L\u00e4s mer<\/a><\/p>\n","protected":false},"author":1693,"featured_media":0,"comment_status":"open","ping_status":"open","sticky":false,"template":"","format":"standard","meta":{"footnotes":""},"categories":[1],"tags":[],"class_list":["post-1162","post","type-post","status-publish","format-standard","hentry","category-okategoriserad"],"_links":{"self":[{"href":"https:\/\/blogg.improveme.se\/sarahgrundenw\/wp-json\/wp\/v2\/posts\/1162","targetHints":{"allow":["GET"]}}],"collection":[{"href":"https:\/\/blogg.improveme.se\/sarahgrundenw\/wp-json\/wp\/v2\/posts"}],"about":[{"href":"https:\/\/blogg.improveme.se\/sarahgrundenw\/wp-json\/wp\/v2\/types\/post"}],"author":[{"embeddable":true,"href":"https:\/\/blogg.improveme.se\/sarahgrundenw\/wp-json\/wp\/v2\/users\/1693"}],"replies":[{"embeddable":true,"href":"https:\/\/blogg.improveme.se\/sarahgrundenw\/wp-json\/wp\/v2\/comments?post=1162"}],"version-history":[{"count":0,"href":"https:\/\/blogg.improveme.se\/sarahgrundenw\/wp-json\/wp\/v2\/posts\/1162\/revisions"}],"wp:attachment":[{"href":"https:\/\/blogg.improveme.se\/sarahgrundenw\/wp-json\/wp\/v2\/media?parent=1162"}],"wp:term":[{"taxonomy":"category","embeddable":true,"href":"https:\/\/blogg.improveme.se\/sarahgrundenw\/wp-json\/wp\/v2\/categories?post=1162"},{"taxonomy":"post_tag","embeddable":true,"href":"https:\/\/blogg.improveme.se\/sarahgrundenw\/wp-json\/wp\/v2\/tags?post=1162"}],"curies":[{"name":"wp","href":"https:\/\/api.w.org\/{rel}","templated":true}]}}