{"id":1241,"date":"2010-12-06T12:02:00","date_gmt":"2010-12-06T11:02:00","guid":{"rendered":"http:\/\/blogg.improveme.se\/sarahgrundenw\/2010\/12\/06\/fodelsedag-ala-seg-sondag\/"},"modified":"2010-12-06T12:02:00","modified_gmt":"2010-12-06T11:02:00","slug":"fodelsedag-ala-seg-sondag","status":"publish","type":"post","link":"https:\/\/blogg.improveme.se\/sarahgrundenw\/2010\/12\/06\/fodelsedag-ala-seg-sondag\/","title":{"rendered":"F\u00f6delsedag ala seg s\u00f6ndag."},"content":{"rendered":"<p style=\"text-align: center;\"><span style=\"font-family: courier new,courier; font-size: small;\">Med tanke p&aring; att vi vaknade r&auml;tt sent ig&aring;r och skulle vara p&aring; f&ouml;delsedags middag kl 5 hos mamma och pappa s&aring; hann vi inte med s&aring; mycket. Passade mig dock perfekt, jag var s&aring; himla tr&ouml;tt! Det blev en sv&auml;ng f&ouml;rbi <a href=\"http:\/\/www.cajsawarg.se\/\">Cajsa Warg<\/a>, en underbar mataff&auml;r p&aring; s&ouml;der (finns&auml;ven vid odenplan), maten &auml;r ekologiskt, sm&aring;skalig och n&auml;rodlad\/fr&aring;n lokala producenter. K&auml;nns v&auml;ldigt gourmet, precis som det ska vara :-).<br \/><\/span><\/p>\n<p><a href=\"http:\/\/s.improveme.se\/data\/filearchive\/171400.0x0.jpg\" target=\"_BLANK\"><img decoding=\"async\" src=\"http:\/\/s.improveme.se\/data\/filearchive\/171400.510x0.jpg\" border=\"0\" alt=\"\" \/><\/a><\/p>\n<p><a href=\"http:\/\/s.improveme.se\/data\/filearchive\/171400.0x0.jpg\" target=\"_BLANK\"><\/a> <a href=\"http:\/\/s.improveme.se\/data\/filearchive\/171401.0x0.jpg\" target=\"_BLANK\"><img decoding=\"async\" src=\"http:\/\/s.improveme.se\/data\/filearchive\/171401.510x0.jpg\" border=\"0\" alt=\"\" \/><\/a><\/p>\n<p><a href=\"http:\/\/s.improveme.se\/data\/filearchive\/171402.0x0.jpg\" target=\"_BLANK\"><img decoding=\"async\" src=\"http:\/\/s.improveme.se\/data\/filearchive\/171402.510x0.jpg\" border=\"0\" alt=\"\" \/><\/a><\/p>\n<p><a href=\"http:\/\/s.improveme.se\/data\/filearchive\/171404.0x0.jpg\" target=\"_BLANK\"><img decoding=\"async\" src=\"http:\/\/s.improveme.se\/data\/filearchive\/171404.510x0.jpg\" border=\"0\" alt=\"\" \/><\/a><\/p>\n<p>&nbsp;<\/p>\n<p style=\"text-align: center;\"><span style=\"font-family: courier new,courier; font-size: small;\">Raclette middag hos mamma och pappa med resten av familjen. Mys.<\/span><\/p>\n<p><a href=\"http:\/\/s.improveme.se\/data\/filearchive\/171405.0x0.jpg\" target=\"_BLANK\"><img decoding=\"async\" src=\"http:\/\/s.improveme.se\/data\/filearchive\/171405.510x0.jpg\" border=\"0\" alt=\"\" \/><\/a><\/p>\n<p style=\"text-align: center;\"><span style=\"font-family: courier new,courier; font-size: small;\">Tack alla fina v&auml;nner f&ouml;r gratulationerna! <\/span><\/p>\n<p style=\"text-align: center;\"><span style=\"font-family: courier new,courier; font-size: small;\">Kram<\/span><\/p>\n","protected":false},"excerpt":{"rendered":"<p>Med tanke p&aring; att vi vaknade r&auml;tt sent ig&aring;r och skulle vara p&aring; f&ouml;delsedags middag kl 5 hos mamma och pappa s&aring; hann vi inte med s&aring; mycket. Passade mig dock perfekt, jag var s&aring; himla tr&ouml;tt! Det blev en sv&auml;ng f&ouml;rbi Cajsa Warg, en underbar mataff&auml;r p&aring; s&ouml;der (finns&auml;ven vid odenplan), maten &auml;r ekologiskt, &#8230; <a title=\"F\u00f6delsedag ala seg s\u00f6ndag.\" class=\"read-more\" href=\"https:\/\/blogg.improveme.se\/sarahgrundenw\/2010\/12\/06\/fodelsedag-ala-seg-sondag\/\" aria-label=\"L\u00e4s mer om F\u00f6delsedag ala seg s\u00f6ndag.\">L\u00e4s mer<\/a><\/p>\n","protected":false},"author":1693,"featured_media":0,"comment_status":"open","ping_status":"open","sticky":false,"template":"","format":"standard","meta":{"footnotes":""},"categories":[1],"tags":[],"class_list":["post-1241","post","type-post","status-publish","format-standard","hentry","category-okategoriserad"],"_links":{"self":[{"href":"https:\/\/blogg.improveme.se\/sarahgrundenw\/wp-json\/wp\/v2\/posts\/1241","targetHints":{"allow":["GET"]}}],"collection":[{"href":"https:\/\/blogg.improveme.se\/sarahgrundenw\/wp-json\/wp\/v2\/posts"}],"about":[{"href":"https:\/\/blogg.improveme.se\/sarahgrundenw\/wp-json\/wp\/v2\/types\/post"}],"author":[{"embeddable":true,"href":"https:\/\/blogg.improveme.se\/sarahgrundenw\/wp-json\/wp\/v2\/users\/1693"}],"replies":[{"embeddable":true,"href":"https:\/\/blogg.improveme.se\/sarahgrundenw\/wp-json\/wp\/v2\/comments?post=1241"}],"version-history":[{"count":0,"href":"https:\/\/blogg.improveme.se\/sarahgrundenw\/wp-json\/wp\/v2\/posts\/1241\/revisions"}],"wp:attachment":[{"href":"https:\/\/blogg.improveme.se\/sarahgrundenw\/wp-json\/wp\/v2\/media?parent=1241"}],"wp:term":[{"taxonomy":"category","embeddable":true,"href":"https:\/\/blogg.improveme.se\/sarahgrundenw\/wp-json\/wp\/v2\/categories?post=1241"},{"taxonomy":"post_tag","embeddable":true,"href":"https:\/\/blogg.improveme.se\/sarahgrundenw\/wp-json\/wp\/v2\/tags?post=1241"}],"curies":[{"name":"wp","href":"https:\/\/api.w.org\/{rel}","templated":true}]}}