{"id":1256,"date":"2010-12-08T19:03:00","date_gmt":"2010-12-08T18:03:00","guid":{"rendered":"http:\/\/blogg.improveme.se\/sarahgrundenw\/2010\/12\/08\/svar-pa-lasarfraga-2\/"},"modified":"2010-12-08T19:03:00","modified_gmt":"2010-12-08T18:03:00","slug":"svar-pa-lasarfraga-2","status":"publish","type":"post","link":"https:\/\/blogg.improveme.se\/sarahgrundenw\/2010\/12\/08\/svar-pa-lasarfraga-2\/","title":{"rendered":"Svar P\u00e5 L\u00e4sarfr\u00e5ga."},"content":{"rendered":"<p style=\"text-align: center;\"><em><strong><span style=\"font-family: courier new,courier; font-size: small;\">Hej, det h&auml;r &auml;r kanske en kn&auml;pp fr&aring;ga men, visst anv&auml;nder du Kiehl&rsquo;s  Rare Earth Pore Cleansing Masque? Jag f&ouml;r cirka tv&aring; veckor sen k&ouml;pte jag  en och l&aring;tit den st&aring;tt i badrumssk&aring;pet och nu n&auml;r jag &ouml;ppnade den s&aring;  var den helt rinnig.. Ska den bli s&aring;? Eller ska jag f&ouml;rvara den p&aring; n&aring;got  annat vis? Therese<\/span><\/strong><\/em><\/p>\n<p style=\"text-align: center;\"><a href=\"http:\/\/s.improveme.se\/data\/filearchive\/172056.0x0.jpg\" target=\"_BLANK\"><img decoding=\"async\" src=\"http:\/\/s.improveme.se\/data\/filearchive\/172056.510x0.jpg\" border=\"0\" alt=\"\" \/><\/a><\/p>\n<p style=\"text-align: center;\"><span style=\"font-family: courier new,courier; font-size: small;\">Hej Therese! Inte alls en kn&auml;pp fr&aring;ga :-). <\/span><\/p>\n<p style=\"text-align: center;\"><span style=\"font-family: courier new,courier; font-size: small;\">Jag har anv&auml;nt denna l&auml;nge nu och har ej r&aring;kat ut f&ouml;r liknande. Har du inbyggda lampor i ditt badrumssk&aring;p? Jag kan t&auml;nka mig att det &auml;r v&auml;rme (eller annan temperaturskillnad) som har orsakat detta, d<\/span><span style=\"font-family: courier new,courier; font-size: small;\">et ju trots allt en &#8221;lera&#8221; som f&ouml;rmodligen skiktar sig l&auml;tt . <\/span><\/p>\n<p style=\"text-align: center;\"><span style=\"font-family: courier new,courier; font-size: small;\">&nbsp;<\/span><span style=\"font-family: courier new,courier; font-size: small;\">Jag skulle oavsett g&aring; f&ouml;rbi Kiehls och prata med dem, eller ringa dem&#8230;<\/span><\/p>\n<p style=\"text-align: center;\"><span style=\"font-family: courier new,courier; font-size: small;\">(om du vill s&aring; kan du ju pr&ouml;va  att blanda den med en spatel eller liknande, jag tycker dock att du ska kontakta Kiehls f&ouml;rst, det &auml;r ju inte direkt billiga produkter s&aring; kvaliten ska h&aring;lla)<\/span><\/p>\n<p style=\"text-align: center;\"><span style=\"font-family: courier new,courier; font-size: small;\">Lycka till!<\/span><\/p>\n<p style=\"text-align: center;\"><span style=\"font-family: courier new,courier; font-size: small;\"> <\/span><span style=\"font-family: courier new,courier; font-size: small;\">Kram Sarah<\/span><\/p>\n<p>&nbsp;<\/p>\n","protected":false},"excerpt":{"rendered":"<p>Hej, det h&auml;r &auml;r kanske en kn&auml;pp fr&aring;ga men, visst anv&auml;nder du Kiehl&rsquo;s Rare Earth Pore Cleansing Masque? Jag f&ouml;r cirka tv&aring; veckor sen k&ouml;pte jag en och l&aring;tit den st&aring;tt i badrumssk&aring;pet och nu n&auml;r jag &ouml;ppnade den s&aring; var den helt rinnig.. Ska den bli s&aring;? Eller ska jag f&ouml;rvara den p&aring; n&aring;got &#8230; <a title=\"Svar P\u00e5 L\u00e4sarfr\u00e5ga.\" class=\"read-more\" href=\"https:\/\/blogg.improveme.se\/sarahgrundenw\/2010\/12\/08\/svar-pa-lasarfraga-2\/\" aria-label=\"L\u00e4s mer om Svar P\u00e5 L\u00e4sarfr\u00e5ga.\">L\u00e4s mer<\/a><\/p>\n","protected":false},"author":1693,"featured_media":0,"comment_status":"open","ping_status":"open","sticky":false,"template":"","format":"standard","meta":{"footnotes":""},"categories":[1],"tags":[],"class_list":["post-1256","post","type-post","status-publish","format-standard","hentry","category-okategoriserad"],"_links":{"self":[{"href":"https:\/\/blogg.improveme.se\/sarahgrundenw\/wp-json\/wp\/v2\/posts\/1256","targetHints":{"allow":["GET"]}}],"collection":[{"href":"https:\/\/blogg.improveme.se\/sarahgrundenw\/wp-json\/wp\/v2\/posts"}],"about":[{"href":"https:\/\/blogg.improveme.se\/sarahgrundenw\/wp-json\/wp\/v2\/types\/post"}],"author":[{"embeddable":true,"href":"https:\/\/blogg.improveme.se\/sarahgrundenw\/wp-json\/wp\/v2\/users\/1693"}],"replies":[{"embeddable":true,"href":"https:\/\/blogg.improveme.se\/sarahgrundenw\/wp-json\/wp\/v2\/comments?post=1256"}],"version-history":[{"count":0,"href":"https:\/\/blogg.improveme.se\/sarahgrundenw\/wp-json\/wp\/v2\/posts\/1256\/revisions"}],"wp:attachment":[{"href":"https:\/\/blogg.improveme.se\/sarahgrundenw\/wp-json\/wp\/v2\/media?parent=1256"}],"wp:term":[{"taxonomy":"category","embeddable":true,"href":"https:\/\/blogg.improveme.se\/sarahgrundenw\/wp-json\/wp\/v2\/categories?post=1256"},{"taxonomy":"post_tag","embeddable":true,"href":"https:\/\/blogg.improveme.se\/sarahgrundenw\/wp-json\/wp\/v2\/tags?post=1256"}],"curies":[{"name":"wp","href":"https:\/\/api.w.org\/{rel}","templated":true}]}}