{"id":1272,"date":"2010-12-11T01:51:00","date_gmt":"2010-12-11T00:51:00","guid":{"rendered":"http:\/\/blogg.improveme.se\/sarahgrundenw\/2010\/12\/11\/det-blir-en-somnlos-natt\/"},"modified":"2010-12-11T01:51:00","modified_gmt":"2010-12-11T00:51:00","slug":"det-blir-en-somnlos-natt","status":"publish","type":"post","link":"https:\/\/blogg.improveme.se\/sarahgrundenw\/2010\/12\/11\/det-blir-en-somnlos-natt\/","title":{"rendered":"Det blir en s\u00f6mnl\u00f6s natt."},"content":{"rendered":"<p style=\"text-align: center;\"><a href=\"http:\/\/s.improveme.se\/data\/filearchive\/172505.0x0.jpg\" target=\"_BLANK\"><img decoding=\"async\" src=\"http:\/\/s.improveme.se\/data\/filearchive\/172505.510x0.jpg\" border=\"0\" alt=\"\" \/><\/a><\/p>\n<p style=\"text-align: center;\"><span style=\"font-family: courier new,courier; font-size: small;\">Eller en natt med ytterst lite s&ouml;mn&#8230; Kommer absolut inte till ro s&aring; att <strong>sova &auml;r bara att gl&ouml;mma<\/strong>. Min hj&auml;rna g&aring;r p&aring; <span style=\"font-size: medium;\"><strong>h&ouml;gvarv<\/strong><\/span> och <strong>kreativiteten sprutar lite sm&aring;tt ur &ouml;ronen<\/strong>. Varf&ouml;r denna fantastiska timing? Kan den inte komma p&aring; dagtid ist&auml;llet? Tyv&auml;rr kan man ju inte v&auml;lja detta&#8230; Den kommer n&auml;r det kommer. M&aring;ste ta tillvara p&aring; den. <span style=\"font-size: medium;\"><strong>Back to the piano<\/strong><\/span>. Blir en trippel espresso till frukost helt enkelt. N&aring;gon annan som har sv&aring;rt att sova? <\/span><\/p>\n<p style=\"text-align: center;\"><span style=\"font-family: courier new,courier; font-size: small;\">Kram<\/span><\/p>\n<p>&nbsp;<\/p>\n","protected":false},"excerpt":{"rendered":"<p>Eller en natt med ytterst lite s&ouml;mn&#8230; Kommer absolut inte till ro s&aring; att sova &auml;r bara att gl&ouml;mma. Min hj&auml;rna g&aring;r p&aring; h&ouml;gvarv och kreativiteten sprutar lite sm&aring;tt ur &ouml;ronen. Varf&ouml;r denna fantastiska timing? Kan den inte komma p&aring; dagtid ist&auml;llet? Tyv&auml;rr kan man ju inte v&auml;lja detta&#8230; Den kommer n&auml;r det kommer. M&aring;ste &#8230; <a title=\"Det blir en s\u00f6mnl\u00f6s natt.\" class=\"read-more\" href=\"https:\/\/blogg.improveme.se\/sarahgrundenw\/2010\/12\/11\/det-blir-en-somnlos-natt\/\" aria-label=\"L\u00e4s mer om Det blir en s\u00f6mnl\u00f6s natt.\">L\u00e4s mer<\/a><\/p>\n","protected":false},"author":1693,"featured_media":0,"comment_status":"open","ping_status":"open","sticky":false,"template":"","format":"standard","meta":{"footnotes":""},"categories":[1],"tags":[],"class_list":["post-1272","post","type-post","status-publish","format-standard","hentry","category-okategoriserad"],"_links":{"self":[{"href":"https:\/\/blogg.improveme.se\/sarahgrundenw\/wp-json\/wp\/v2\/posts\/1272","targetHints":{"allow":["GET"]}}],"collection":[{"href":"https:\/\/blogg.improveme.se\/sarahgrundenw\/wp-json\/wp\/v2\/posts"}],"about":[{"href":"https:\/\/blogg.improveme.se\/sarahgrundenw\/wp-json\/wp\/v2\/types\/post"}],"author":[{"embeddable":true,"href":"https:\/\/blogg.improveme.se\/sarahgrundenw\/wp-json\/wp\/v2\/users\/1693"}],"replies":[{"embeddable":true,"href":"https:\/\/blogg.improveme.se\/sarahgrundenw\/wp-json\/wp\/v2\/comments?post=1272"}],"version-history":[{"count":0,"href":"https:\/\/blogg.improveme.se\/sarahgrundenw\/wp-json\/wp\/v2\/posts\/1272\/revisions"}],"wp:attachment":[{"href":"https:\/\/blogg.improveme.se\/sarahgrundenw\/wp-json\/wp\/v2\/media?parent=1272"}],"wp:term":[{"taxonomy":"category","embeddable":true,"href":"https:\/\/blogg.improveme.se\/sarahgrundenw\/wp-json\/wp\/v2\/categories?post=1272"},{"taxonomy":"post_tag","embeddable":true,"href":"https:\/\/blogg.improveme.se\/sarahgrundenw\/wp-json\/wp\/v2\/tags?post=1272"}],"curies":[{"name":"wp","href":"https:\/\/api.w.org\/{rel}","templated":true}]}}