{"id":1301,"date":"2010-12-21T19:14:00","date_gmt":"2010-12-21T18:14:00","guid":{"rendered":"http:\/\/blogg.improveme.se\/sarahgrundenw\/2010\/12\/21\/kvallen-ar-bokad\/"},"modified":"2010-12-21T19:14:00","modified_gmt":"2010-12-21T18:14:00","slug":"kvallen-ar-bokad","status":"publish","type":"post","link":"https:\/\/blogg.improveme.se\/sarahgrundenw\/2010\/12\/21\/kvallen-ar-bokad\/","title":{"rendered":"Kv\u00e4llen \u00e4r bokad."},"content":{"rendered":"<p style=\"text-align: center;\"><span style=\"font-family: courier new,courier; font-size: small;\">Ja allts&aring;&#8230; jag l&aring;nade hem min &auml;lskade kusin Eric idag d&aring; jag beh&ouml;vde hj&auml;lp med min sj&auml;lvklara fiende, borrmaskinen. Blev dock en dag med Youtubeklipp, kaffedrickande, promenader och mys p&aring; h&ouml;g niv&aring;. Det &auml;r ju trevligt det med :-). Dock kan jag gl&ouml;mma att det blir fix i l&auml;genheten innan jul. F&aring;r ta det i mellandagarna&#8230; <\/span><\/p>\n<p style=\"text-align: center;\"><span style=\"font-family: courier new,courier; font-size: small;\">Ikv&auml;ll blir det Mad Men s&auml;song 3. Thats it. Very nice. Hope you all are well!<br \/><\/span><\/p>\n<p><a href=\"http:\/\/s.improveme.se\/data\/filearchive\/174420.0x0.jpg\" target=\"_BLANK\"><img decoding=\"async\" src=\"http:\/\/s.improveme.se\/data\/filearchive\/174420.510x0.jpg\" border=\"0\" alt=\"\" \/><\/a><\/p>\n<p style=\"text-align: center;\"><span style=\"font-family: courier new,courier; font-size: small;\">Kram<\/span><\/p>\n<p style=\"text-align: center;\"><span style=\"font-family: courier new,courier; font-size: small;\">&nbsp;<\/span><a href=\"http:\/\/s.improveme.se\/data\/filearchive\/174422.0x0.jpg\" target=\"_BLANK\"><img decoding=\"async\" src=\"http:\/\/s.improveme.se\/data\/filearchive\/174422.510x0.jpg\" border=\"0\" alt=\"\" \/><\/a><\/p>\n<p>&nbsp;<\/p>\n","protected":false},"excerpt":{"rendered":"<p>Ja allts&aring;&#8230; jag l&aring;nade hem min &auml;lskade kusin Eric idag d&aring; jag beh&ouml;vde hj&auml;lp med min sj&auml;lvklara fiende, borrmaskinen. Blev dock en dag med Youtubeklipp, kaffedrickande, promenader och mys p&aring; h&ouml;g niv&aring;. Det &auml;r ju trevligt det med :-). Dock kan jag gl&ouml;mma att det blir fix i l&auml;genheten innan jul. F&aring;r ta det i &#8230; <a title=\"Kv\u00e4llen \u00e4r bokad.\" class=\"read-more\" href=\"https:\/\/blogg.improveme.se\/sarahgrundenw\/2010\/12\/21\/kvallen-ar-bokad\/\" aria-label=\"L\u00e4s mer om Kv\u00e4llen \u00e4r bokad.\">L\u00e4s mer<\/a><\/p>\n","protected":false},"author":1693,"featured_media":0,"comment_status":"open","ping_status":"open","sticky":false,"template":"","format":"standard","meta":{"footnotes":""},"categories":[1],"tags":[],"class_list":["post-1301","post","type-post","status-publish","format-standard","hentry","category-okategoriserad"],"_links":{"self":[{"href":"https:\/\/blogg.improveme.se\/sarahgrundenw\/wp-json\/wp\/v2\/posts\/1301","targetHints":{"allow":["GET"]}}],"collection":[{"href":"https:\/\/blogg.improveme.se\/sarahgrundenw\/wp-json\/wp\/v2\/posts"}],"about":[{"href":"https:\/\/blogg.improveme.se\/sarahgrundenw\/wp-json\/wp\/v2\/types\/post"}],"author":[{"embeddable":true,"href":"https:\/\/blogg.improveme.se\/sarahgrundenw\/wp-json\/wp\/v2\/users\/1693"}],"replies":[{"embeddable":true,"href":"https:\/\/blogg.improveme.se\/sarahgrundenw\/wp-json\/wp\/v2\/comments?post=1301"}],"version-history":[{"count":0,"href":"https:\/\/blogg.improveme.se\/sarahgrundenw\/wp-json\/wp\/v2\/posts\/1301\/revisions"}],"wp:attachment":[{"href":"https:\/\/blogg.improveme.se\/sarahgrundenw\/wp-json\/wp\/v2\/media?parent=1301"}],"wp:term":[{"taxonomy":"category","embeddable":true,"href":"https:\/\/blogg.improveme.se\/sarahgrundenw\/wp-json\/wp\/v2\/categories?post=1301"},{"taxonomy":"post_tag","embeddable":true,"href":"https:\/\/blogg.improveme.se\/sarahgrundenw\/wp-json\/wp\/v2\/tags?post=1301"}],"curies":[{"name":"wp","href":"https:\/\/api.w.org\/{rel}","templated":true}]}}