{"id":413,"date":"2010-11-07T15:49:00","date_gmt":"2010-11-07T14:49:00","guid":{"rendered":"http:\/\/blogg.improveme.se\/sarahgrundenw\/2010\/11\/07\/sunday-pa-soders-hojder\/"},"modified":"2010-11-07T15:49:00","modified_gmt":"2010-11-07T14:49:00","slug":"sunday-pa-soders-hojder","status":"publish","type":"post","link":"https:\/\/blogg.improveme.se\/sarahgrundenw\/2010\/11\/07\/sunday-pa-soders-hojder\/","title":{"rendered":"Sunday P\u00e5 S\u00f6ders H\u00f6jder"},"content":{"rendered":"<p style=\"text-align: center;\"><a href=\"http:\/\/s.improveme.se\/data\/filearchive\/165074.0x0.jpg\" target=\"_BLANK\"><img decoding=\"async\" src=\"http:\/\/s.improveme.se\/data\/filearchive\/165074.510x0.jpg\" border=\"0\" alt=\"\" \/><\/a><\/p>\n<p style=\"text-align: center;\"><a href=\"http:\/\/s.improveme.se\/data\/filearchive\/165112.0x0.jpg\" target=\"_BLANK\"><img decoding=\"async\" src=\"http:\/\/s.improveme.se\/data\/filearchive\/165112.510x0.jpg\" border=\"0\" alt=\"\" \/><\/a><\/p>\n<p style=\"text-align: center;\"><span style=\"font-family: courier new,courier; font-size: small;\">Knaprade lite knark imorse (mix av ipren och alvedon) f&ouml;r att orka ge mig av till S&ouml;der med Mr <a href=\"http:\/\/niclasbrunzell.com\/\">Niclas<\/a> and Mr Anders och bes&ouml;ka <strong><em>Fashion<\/em><\/strong> utst&auml;llningen p&aring; <strong>Fotografiska<\/strong>. L&auml;gger upp bilder senare :-). M&aring;ste nu iv&auml;g och k&ouml;pa nya penslar samt f&auml;rg och dukar, &auml;r galet inspirerad f&ouml;r tillf&auml;llet, det ska m&aring;las m&aring;las m&aring;las. Art-Sarah here we go. Hoppas att ni alla m&aring;r bra! H&ouml;rs senare, kramar<\/span><\/p>\n<p style=\"text-align: center;\"><a href=\"http:\/\/s.improveme.se\/data\/filearchive\/165078.0x0.jpg\" target=\"_BLANK\"><img decoding=\"async\" src=\"http:\/\/s.improveme.se\/data\/filearchive\/165078.510x0.jpg\" border=\"0\" alt=\"\" \/><\/a><\/p>\n<p>&nbsp;<\/p>\n","protected":false},"excerpt":{"rendered":"<p>Knaprade lite knark imorse (mix av ipren och alvedon) f&ouml;r att orka ge mig av till S&ouml;der med Mr Niclas and Mr Anders och bes&ouml;ka Fashion utst&auml;llningen p&aring; Fotografiska. L&auml;gger upp bilder senare :-). M&aring;ste nu iv&auml;g och k&ouml;pa nya penslar samt f&auml;rg och dukar, &auml;r galet inspirerad f&ouml;r tillf&auml;llet, det ska m&aring;las m&aring;las m&aring;las. &#8230; <a title=\"Sunday P\u00e5 S\u00f6ders H\u00f6jder\" class=\"read-more\" href=\"https:\/\/blogg.improveme.se\/sarahgrundenw\/2010\/11\/07\/sunday-pa-soders-hojder\/\" aria-label=\"L\u00e4s mer om Sunday P\u00e5 S\u00f6ders H\u00f6jder\">L\u00e4s mer<\/a><\/p>\n","protected":false},"author":1693,"featured_media":0,"comment_status":"open","ping_status":"open","sticky":false,"template":"","format":"standard","meta":{"footnotes":""},"categories":[1],"tags":[],"class_list":["post-413","post","type-post","status-publish","format-standard","hentry","category-okategoriserad"],"_links":{"self":[{"href":"https:\/\/blogg.improveme.se\/sarahgrundenw\/wp-json\/wp\/v2\/posts\/413","targetHints":{"allow":["GET"]}}],"collection":[{"href":"https:\/\/blogg.improveme.se\/sarahgrundenw\/wp-json\/wp\/v2\/posts"}],"about":[{"href":"https:\/\/blogg.improveme.se\/sarahgrundenw\/wp-json\/wp\/v2\/types\/post"}],"author":[{"embeddable":true,"href":"https:\/\/blogg.improveme.se\/sarahgrundenw\/wp-json\/wp\/v2\/users\/1693"}],"replies":[{"embeddable":true,"href":"https:\/\/blogg.improveme.se\/sarahgrundenw\/wp-json\/wp\/v2\/comments?post=413"}],"version-history":[{"count":0,"href":"https:\/\/blogg.improveme.se\/sarahgrundenw\/wp-json\/wp\/v2\/posts\/413\/revisions"}],"wp:attachment":[{"href":"https:\/\/blogg.improveme.se\/sarahgrundenw\/wp-json\/wp\/v2\/media?parent=413"}],"wp:term":[{"taxonomy":"category","embeddable":true,"href":"https:\/\/blogg.improveme.se\/sarahgrundenw\/wp-json\/wp\/v2\/categories?post=413"},{"taxonomy":"post_tag","embeddable":true,"href":"https:\/\/blogg.improveme.se\/sarahgrundenw\/wp-json\/wp\/v2\/tags?post=413"}],"curies":[{"name":"wp","href":"https:\/\/api.w.org\/{rel}","templated":true}]}}