{"id":722,"date":"2010-11-04T17:31:00","date_gmt":"2010-11-04T16:31:00","guid":{"rendered":"http:\/\/blogg.improveme.se\/sarahgrundenw\/2010\/11\/04\/lite-svar-pa-lasarfragor\/"},"modified":"2010-11-04T17:31:00","modified_gmt":"2010-11-04T16:31:00","slug":"lite-svar-pa-lasarfragor","status":"publish","type":"post","link":"https:\/\/blogg.improveme.se\/sarahgrundenw\/2010\/11\/04\/lite-svar-pa-lasarfragor\/","title":{"rendered":"Lite svar p\u00e5 l\u00e4sarfr\u00e5gor!"},"content":{"rendered":"<p style=\"text-align: center;\"><span style=\"font-family: courier new,courier; font-size: small;\">Hej alla fina! Hoppas att ni m&aring;r super idag. Nu kommer jag bli lite mer aktiv h&auml;r igen efter n&aring;gra lugna dagar, jag har ju haft fullt med bes&ouml;ket ifr&aring;n Norge. <\/span><\/p>\n<p style=\"text-align: center;\"><span style=\"font-family: courier new,courier; font-size: small;\">Jag blir s&aring; himla glad n&auml;r jag ser alla era kommentarer\/fr&aring;gor och lovar att f&ouml;rs&ouml;ka svara p&aring; alla men det tar lite tid :-). <span style=\"font-size: medium;\"><strong>Jag f&aring;r m&aring;nga fr&aring;gor om min diet<\/strong><\/span> och folk undrar b.la varf&ouml;r jag vill g&aring; ner i vikt, hur mycket det kostar, hur det funkar osv.<\/span><\/p>\n<p style=\"text-align: center;\"><span style=\"font-family: courier new,courier; font-size: small;\">First of all, <strong>jag &auml;r inte en speciellt stor tjej<\/strong>, jag &auml;r 162 l&aring;ng och har v&auml;ldigt liten benstomme. Min pappa &auml;r 178 och v&auml;ldigt smal och min mamma &auml;r 160 och v&auml;ger mellan 49-51 kg, jag &auml;r lika liten som henne egentligen fast lite l&auml;ngre.<\/span><\/p>\n<p style=\"text-align: center;\"><span style=\"font-family: courier new,courier; font-size: small;\">En annan viktig sak att veta &auml;r att jag har ett medf&ouml;tt fel p&aring; mina <strong>kn&auml;n, b&aring;da gick ur led<\/strong> (ca 5ggr i veckan) &auml;nda tills jag genomgick 2 st STORA operationer, den f&ouml;rsta 2001 och den andra 2005 d&aring; de i princip m&ouml;blerade om mina kn&auml;sk&aring;lar. Innan detta var jag v&auml;ldigt aktiv, jag brukade dansa 4-7 tim i veckan p&aring; balettakademin, jag &aring;kte konst&aring;kning, red, osv osv. Min dr&ouml;m var att bli musikal artist men pga kn&auml;na droppade jag den id&eacute;n och gick &ouml;ver helt till s&aring;ngen. <\/span><\/p>\n<p style=\"text-align: center;\"><span style=\"font-family: courier new,courier; font-size: small;\">Det var v&auml;l framf&ouml;rallt efter kn&auml;operationerna som jag b&ouml;rjade <strong>g&aring; upp i vikt<\/strong> (inte s&aring; konstigt, jag kunde knapp r&ouml;ra mig p&aring; 7 m&aring;nader). <span style=\"font-size: medium;\"><strong>Mina l&auml;kare har alltid sagt till mig att jag ABSOLUT INTE b&ouml;r ha n&aring;gon &ouml;vervikt.<\/strong><\/span> Vilket &auml;r fullt f&ouml;rst&aring;eligt. Kn&auml;na &auml;r de som ryker rej&auml;lt p&aring; folk med extra kilon. <\/span><\/p>\n<p style=\"text-align: center;\"><span style=\"font-family: courier new,courier; font-size: small;\"><strong>Under de senaste 2 &aring;ren har lagt p&aring; mig ca 10 kg<\/strong>. F&ouml;r 2 m&aring;nader sedan k&auml;nde jag att nej, nu f&aring;r det vara nog. Jag gick och kollade min sk&ouml;ldk&ouml;rtel, alla mina v&auml;rden osv osv men inga fel hittades. Dock p&aring;pekade de att eftersom jag slutat med kortison (&auml;tit sen 12 &aring;rs &aring;lder pga allergi) och sedan slutat med p-piller (tagit sen 14 &aring;rs &aring;lder) s&aring; var min kropp i rej&auml;l obalans. Och jag m&aring;dde fullkomligt pyton. Kunde inte ha n&aring;gra kl&auml;der l&auml;ngre, hade d&aring;lig sj&auml;lvk&auml;nsla och ont i kn&auml;na. Pratade med dietister\/n&auml;ringsexperter och fick svaret att trots att jag &aring;t j&auml;tte bra mat s&aring; var det alldeles f&ouml;r lite, alldeles f&ouml;r s&auml;llan, och dumma tider. So there u go. <\/span><\/p>\n<p style=\"text-align: center;\"><span style=\"font-family: courier new,courier; font-size: small;\"><strong>Jag beh&ouml;vde en totalf&ouml;r&auml;ndring, b&aring;de fysiskt och mentalt<\/strong>. S&aring; jag gick till <strong>Xtravaganza<\/strong>. T&auml;nkte att jaja, jag k&ouml;r v&auml;l p&aring; pulver d&aring;. Det hade funkat bra f&ouml;r en av mina n&auml;ra o k&auml;ra, s&aring; why not try it. K&auml;nde mig s&aring; oerh&ouml;rt taggad och ville ha en stor f&ouml;r&auml;ndring fort&#8230; <\/span><\/p>\n<p style=\"text-align: center;\"><span style=\"font-family: courier new,courier; font-size: small;\">Man kunde h&auml;r v&auml;lja mellan 2 olika program, <strong>&#8221;Helfart&#8221;<\/strong> eller <strong>&#8221;Halvfart&#8221;<\/strong>, jag valde det f&ouml;rstn&auml;mnda.<\/span><\/p>\n<p style=\"text-align: center;\"><span style=\"font-family: courier new,courier; font-size: small;\">Med Helfarts programmet byter jag allts&aring; ut alla m&aring;l mot pulver (dock &auml;ter jag psylliumfr&ouml;n f&ouml;r magen\/tarmarna och omega3 tabletter) samt dricker 3 liter vatten om dagen, d&auml;rav snabb viktnedg&aring;ng. <\/span><\/p>\n<p style=\"text-align: center;\"><span style=\"font-family: courier new,courier; font-size: small;\">Det har varit f&ouml;rv&aring;nansv&auml;rt l&auml;tt f&ouml;r mig att g&aring; ner i vikt, men jag vet att det kommer bli j&auml;tte jobbigt att b&ouml;rja &auml;ta igen&#8230; det &auml;r 5-6 m&aring;l om dagen jag ska f&aring; i mig. Jag ska f&ouml;lja ett v&auml;ldigt strikt matschema under en l&aring;ng tid, detta f&ouml;r att inte g&aring; upp det jag g&aring;tt ner. I mitt fall handlar det om att l&auml;ra mig att &auml;ta ofta. Och mer. Inte ett\/tv&aring; m&aring;l om dagen. <\/span><\/p>\n<p style=\"text-align: center;\"><span style=\"font-family: courier new,courier; font-size: small;\"><strong>Priset p&aring; detta varierar<\/strong>, jag betalar runt 10 000:- f&ouml;r ett helt &aring;r, d&aring; ing&aring;r b.la gym, coaching (jag g&aring;r privat, det kostar extra)&nbsp; PT (1 tim). Jag har endast varit d&auml;r p&aring; 2 coaching sessions, k&auml;nner att jag klarar detta bra p&aring; egen hand, f&ouml;redrar att ha det s&aring;. <\/span><span style=\"font-family: courier new,courier; font-size: small;\">&nbsp;<\/span><\/p>\n<p style=\"text-align: center;\"><span style=\"font-family: courier new,courier; font-size: small;\">Det &auml;r v&auml;ldigt mycket <strong>mental tr&auml;ning<\/strong> ocks&aring;, dvs cd&acute;s man ska lyssna p&aring;.<br \/><\/span><\/p>\n<p style=\"text-align: center;\"><span style=\"font-family: courier new,courier; font-size: small;\">Jag har ju inte direkt haft en stor &#8221;&ouml;vervikt&#8221; s&aring; detta har som sagt g&aring;tt v&auml;ldigt fort\/enkelt f&ouml;r mig. F&ouml;r de som vill g&aring; ner 15 kg eller mer f&aring;r man h&auml;r all den support och de verktyg man beh&ouml;ver f&ouml;r en stor viknedg&aring;ng. G&auml;ller bara att man &auml;r <strong>envis och motiverad. <\/strong><br \/><\/span><\/p>\n<p style=\"text-align: center;\"><strong><span style=\"font-family: courier new,courier; font-size: small;\">Maten kostar 529:- veckan, dvs 21 shaker (3 om dagen).<\/span><\/strong><\/p>\n<p style=\"text-align: center;\"><span style=\"font-family: courier new,courier; font-size: small;\">Fick &auml;ven fr&aring;gan vad mitt BMI ligger p&aring;, jag har faktiskt inte v&auml;gt mig &auml;n men kan t&auml;nka mig att det ligger p&aring; 20 ungef&auml;r.<\/span><\/p>\n<p style=\"text-align: center;\"><span style=\"font-family: courier new,courier; font-size: small;\">Hoppas att ni f&aring;tt lite svar p&aring; dietfr&aring;gorna nu :-).<\/span><\/p>\n<p style=\"text-align: center;\"><span style=\"font-family: courier new,courier; font-size: small;\">Vill &auml;ven till&auml;gga att jag inte &auml;r en stillasittande person.&nbsp; Jag har 2 hundar som beh&ouml;ver g&aring; ut 4 ggr om dagen (ofta powerwalks) och dessutom springer jag runt mycket i mitt jobb.&nbsp; <\/span><\/p>\n<p style=\"text-align: center;\"><span style=\"font-family: courier new,courier; font-size: small;\">Nu &auml;r 7e veckan snart slut och jag har strax n&aring;tt min m&aring;lvikt p&aring; 53 kg. Och nej, jag &auml;r verklige inte f&ouml;r smal, i promise :-).<br \/><\/span><\/p>\n<p style=\"text-align: center;\"><span style=\"font-family: courier new,courier; font-size: small;\">Kram p&aring; er alla!<br \/><\/span><\/p>\n<p>&nbsp;<\/p>\n","protected":false},"excerpt":{"rendered":"<p>Hej alla fina! Hoppas att ni m&aring;r super idag. Nu kommer jag bli lite mer aktiv h&auml;r igen efter n&aring;gra lugna dagar, jag har ju haft fullt med bes&ouml;ket ifr&aring;n Norge. Jag blir s&aring; himla glad n&auml;r jag ser alla era kommentarer\/fr&aring;gor och lovar att f&ouml;rs&ouml;ka svara p&aring; alla men det tar lite tid :-). &#8230; <a title=\"Lite svar p\u00e5 l\u00e4sarfr\u00e5gor!\" class=\"read-more\" href=\"https:\/\/blogg.improveme.se\/sarahgrundenw\/2010\/11\/04\/lite-svar-pa-lasarfragor\/\" aria-label=\"L\u00e4s mer om Lite svar p\u00e5 l\u00e4sarfr\u00e5gor!\">L\u00e4s mer<\/a><\/p>\n","protected":false},"author":1693,"featured_media":0,"comment_status":"open","ping_status":"open","sticky":false,"template":"","format":"standard","meta":{"footnotes":""},"categories":[1],"tags":[],"class_list":["post-722","post","type-post","status-publish","format-standard","hentry","category-okategoriserad"],"_links":{"self":[{"href":"https:\/\/blogg.improveme.se\/sarahgrundenw\/wp-json\/wp\/v2\/posts\/722","targetHints":{"allow":["GET"]}}],"collection":[{"href":"https:\/\/blogg.improveme.se\/sarahgrundenw\/wp-json\/wp\/v2\/posts"}],"about":[{"href":"https:\/\/blogg.improveme.se\/sarahgrundenw\/wp-json\/wp\/v2\/types\/post"}],"author":[{"embeddable":true,"href":"https:\/\/blogg.improveme.se\/sarahgrundenw\/wp-json\/wp\/v2\/users\/1693"}],"replies":[{"embeddable":true,"href":"https:\/\/blogg.improveme.se\/sarahgrundenw\/wp-json\/wp\/v2\/comments?post=722"}],"version-history":[{"count":0,"href":"https:\/\/blogg.improveme.se\/sarahgrundenw\/wp-json\/wp\/v2\/posts\/722\/revisions"}],"wp:attachment":[{"href":"https:\/\/blogg.improveme.se\/sarahgrundenw\/wp-json\/wp\/v2\/media?parent=722"}],"wp:term":[{"taxonomy":"category","embeddable":true,"href":"https:\/\/blogg.improveme.se\/sarahgrundenw\/wp-json\/wp\/v2\/categories?post=722"},{"taxonomy":"post_tag","embeddable":true,"href":"https:\/\/blogg.improveme.se\/sarahgrundenw\/wp-json\/wp\/v2\/tags?post=722"}],"curies":[{"name":"wp","href":"https:\/\/api.w.org\/{rel}","templated":true}]}}