{"id":906,"date":"2010-09-13T20:54:00","date_gmt":"2010-09-13T19:54:00","guid":{"rendered":"http:\/\/blogg.improveme.se\/sarahgrundenw\/2010\/09\/13\/lasarfraga\/"},"modified":"2010-09-13T20:54:00","modified_gmt":"2010-09-13T19:54:00","slug":"lasarfraga","status":"publish","type":"post","link":"https:\/\/blogg.improveme.se\/sarahgrundenw\/2010\/09\/13\/lasarfraga\/","title":{"rendered":"L\u00e4sarfr\u00e5ga"},"content":{"rendered":"<p style=\"text-align: center;\"><span style=\"font-family: courier new,courier; font-size: small;\"><strong><em>&#8221;Hej! P&aring; tal om r&ouml;da fejjor t&auml;nkte jag passa p&aring; att fr&aring;ga dig en sak! Jag &auml;r v&auml;ldigt r&ouml;d om kinderna, fr&auml;mst l&aring;ngt ner, dvs mot k&auml;ken. P&aring; sommaren n&auml;r jag &auml;r brun syns det knappt, men nu b&ouml;rjar man blekna och fram kommer rodnaden. Rodnaden syns ofta igenom vanlig foundation, och d&aring; i kombination med rouge ser det ut som att man har tagit rouge &ouml;ver hela kinderna. Har f&ouml;rs&ouml;kt anv&auml;nda gr&ouml;nt coverstick men tycker att det blir kritvitt av det. Har du n&aring;got tips hur man kan sminka &ouml;ver detta p&aring; ett bra s&auml;tt?&#8221;<\/em><\/strong><\/span><\/p>\n<p style=\"text-align: center;\"><span style=\"font-family: courier new,courier; font-size: small;\">Hejsan!<\/span><\/p>\n<p style=\"text-align: center;\"><span style=\"font-family: courier new,courier; font-size: small;\">Ja tyv&auml;rr framh&auml;vs ju rodnad av rouge, jag f&ouml;rst&aring;r att det &auml;r j&auml;tte jobbigt!<strong> Gr&ouml;nt fungerar inte alltid f&ouml;r alla<\/strong>, har du kanske pr&ouml;vat att anv&auml;nda <strong>gult<\/strong>? Grunda med en gul korrigerings concelaer, applicera sedan vanlig conceler\/foundation, &#8221;tryck&#8221; sedan in pudret, g&auml;rna med en puderpuff s&aring; att allt fixeras ordentligt. Jag kan rekommendera dig att pr&ouml;va t.ex <strong>ID&acute;s Minerals<\/strong> (anv&auml;nd d&aring; en i gul ton) d&auml;r du kan arbeta upp ett &ouml;nskat t&auml;ckande resultat (ju mer produkt du anv&auml;nder, desto mer t&auml;ckande, dessutom h&aring;ller sig det naturligt). <a href=\"http:\/\/www.glominerals.com\/products.aspx?l=172\">Glominerals<\/a> har en liknande som jag har h&ouml;rt ska fungera bra, <strong>GloRedness Releif Powder<\/strong>,<\/span><\/p>\n<p style=\"text-align: center;\"><a href=\"http:\/\/s.improveme.se\/data\/filearchive\/151801.0x0.jpg\" target=\"_BLANK\"><img decoding=\"async\" src=\"http:\/\/s.improveme.se\/data\/filearchive\/151801.510x0.jpg\" border=\"0\" alt=\"\" \/><\/a><\/p>\n<p style=\"text-align: center;\"><em><span style=\"font-family: courier new,courier; font-size: small;\">&#8221;Reduce redness on the spot with the therapeutic benefits in gloRedness relief powder. This unique formulation neutralizes surface redness and soothes skin with ingredients including honeysuckle, zinc oxide, licorice and caffeine. Ideal for even the most sensitive skin, and after advanced chemical and microderm treatments.&#8221;<\/span><\/em><\/p>\n<p style=\"text-align: center;\"><span style=\"font-family: courier new,courier; font-size: small;\">Pr&ouml;va och let me know!<\/span><\/p>\n<p style=\"text-align: center;\"><span style=\"font-family: courier new,courier; font-size: small;\">Lycka till!<\/span><\/p>\n<p style=\"text-align: center;\"><span style=\"font-family: courier new,courier; font-size: small;\">Kram Sarah<\/span><\/p>\n<p>&nbsp;<\/p>\n","protected":false},"excerpt":{"rendered":"<p>&#8221;Hej! P&aring; tal om r&ouml;da fejjor t&auml;nkte jag passa p&aring; att fr&aring;ga dig en sak! Jag &auml;r v&auml;ldigt r&ouml;d om kinderna, fr&auml;mst l&aring;ngt ner, dvs mot k&auml;ken. P&aring; sommaren n&auml;r jag &auml;r brun syns det knappt, men nu b&ouml;rjar man blekna och fram kommer rodnaden. Rodnaden syns ofta igenom vanlig foundation, och d&aring; i kombination &#8230; <a title=\"L\u00e4sarfr\u00e5ga\" class=\"read-more\" href=\"https:\/\/blogg.improveme.se\/sarahgrundenw\/2010\/09\/13\/lasarfraga\/\" aria-label=\"L\u00e4s mer om L\u00e4sarfr\u00e5ga\">L\u00e4s mer<\/a><\/p>\n","protected":false},"author":1693,"featured_media":0,"comment_status":"open","ping_status":"open","sticky":false,"template":"","format":"standard","meta":{"footnotes":""},"categories":[1],"tags":[],"class_list":["post-906","post","type-post","status-publish","format-standard","hentry","category-okategoriserad"],"_links":{"self":[{"href":"https:\/\/blogg.improveme.se\/sarahgrundenw\/wp-json\/wp\/v2\/posts\/906","targetHints":{"allow":["GET"]}}],"collection":[{"href":"https:\/\/blogg.improveme.se\/sarahgrundenw\/wp-json\/wp\/v2\/posts"}],"about":[{"href":"https:\/\/blogg.improveme.se\/sarahgrundenw\/wp-json\/wp\/v2\/types\/post"}],"author":[{"embeddable":true,"href":"https:\/\/blogg.improveme.se\/sarahgrundenw\/wp-json\/wp\/v2\/users\/1693"}],"replies":[{"embeddable":true,"href":"https:\/\/blogg.improveme.se\/sarahgrundenw\/wp-json\/wp\/v2\/comments?post=906"}],"version-history":[{"count":0,"href":"https:\/\/blogg.improveme.se\/sarahgrundenw\/wp-json\/wp\/v2\/posts\/906\/revisions"}],"wp:attachment":[{"href":"https:\/\/blogg.improveme.se\/sarahgrundenw\/wp-json\/wp\/v2\/media?parent=906"}],"wp:term":[{"taxonomy":"category","embeddable":true,"href":"https:\/\/blogg.improveme.se\/sarahgrundenw\/wp-json\/wp\/v2\/categories?post=906"},{"taxonomy":"post_tag","embeddable":true,"href":"https:\/\/blogg.improveme.se\/sarahgrundenw\/wp-json\/wp\/v2\/tags?post=906"}],"curies":[{"name":"wp","href":"https:\/\/api.w.org\/{rel}","templated":true}]}}