{"id":10674,"date":"2015-02-03T22:36:44","date_gmt":"2015-02-03T20:36:44","guid":{"rendered":"http:\/\/blogg.improveme.se\/tanjafylking\/?p=10674"},"modified":"2015-02-03T22:59:41","modified_gmt":"2015-02-03T20:59:41","slug":"annu-ett-sjukhusbesok","status":"publish","type":"post","link":"https:\/\/blogg.improveme.se\/tanjafylking\/2015\/02\/03\/annu-ett-sjukhusbesok\/","title":{"rendered":"\u00c4nnu ett sjukhusbes\u00f6k&#8230;&#8230;"},"content":{"rendered":"<p>Det blev tr\u00e5kiga nyheter n\u00e4r l\u00e4karen gjorde ronden i morse. Gert fick inte \u00e5ka hem d\u00e5 det \u00e4r n\u00e5got med dom vita blodkropparna som inte st\u00e4mmer. Tr\u00e5kigt s\u00e5klart men det k\u00e4nns tryggt att han \u00e4r i goda h\u00e4nder p\u00e5 sjukhuset.<\/p>\n<p>Jag och Figaro best\u00e4mde att vi skulle g\u00e5 och h\u00e4lsa p\u00e5 fram\u00e5t kv\u00e4llen, efter hans balett lektion. Vet hur tr\u00e5kigt det \u00e4r att ligga p\u00e5 sjukhus ensam och lille Figaro l\u00e4ngtar ju efter sin pappa. Det blir ju ganska annorlunda n\u00e4r man roddar allt sj\u00e4lv h\u00e4r hemma och allt kr\u00e4ver en noggrann planering. Tr\u00e4ning m\u00e5ste ske p\u00e5 dagtid och hund m\u00e5ste ut innan Figaro kryper till kojs, lite sv\u00e5rt att hinna med allt men det funkar&#8230;..:) Nu h\u00e5ller vi tummarna f\u00f6r att morgondagens provsvar ser bra ut och att maken f\u00e5r komma hem.<\/p>\n<figure id=\"attachment_10281\" aria-describedby=\"caption-attachment-10281\" style=\"width: 745px\" class=\"wp-caption alignleft\"><a href=\"http:\/\/blogg.improveme.se\/tanjafylking\/files\/2014\/12\/IMG_5306.jpg\"><img loading=\"lazy\" decoding=\"async\" class=\"wp-image-10281 size-large\" src=\"http:\/\/blogg.improveme.se\/tanjafylking\/files\/2014\/12\/IMG_5306-755x1006.jpg\" alt=\"IMG_5306.JPG\" width=\"755\" height=\"1006\" srcset=\"https:\/\/blogg.improveme.se\/tanjafylking\/files\/2014\/12\/IMG_5306-755x1006.jpg 755w, https:\/\/blogg.improveme.se\/tanjafylking\/files\/2014\/12\/IMG_5306-225x300.jpg 225w\" sizes=\"auto, (max-width: 755px) 100vw, 755px\" \/><\/a><figcaption id=\"caption-attachment-10281\" class=\"wp-caption-text\">Pressade in en l\u00f6prunda i dagens schema trots tidsbrist. Min tr\u00e4ning k\u00e4nns extra viktig i stunder d\u00e5 jag m\u00e5ste vara stark och fokuserad.<\/figcaption><\/figure>\n<p>&nbsp;<\/p>\n<figure id=\"attachment_10676\" aria-describedby=\"caption-attachment-10676\" style=\"width: 630px\" class=\"wp-caption alignleft\"><a href=\"http:\/\/blogg.improveme.se\/tanjafylking\/files\/2015\/02\/bild-51.jpg\"><img loading=\"lazy\" decoding=\"async\" class=\"wp-image-10676 size-full\" src=\"http:\/\/blogg.improveme.se\/tanjafylking\/files\/2015\/02\/bild-51.jpg\" alt=\"bild 5\" width=\"640\" height=\"640\" srcset=\"https:\/\/blogg.improveme.se\/tanjafylking\/files\/2015\/02\/bild-51.jpg 640w, https:\/\/blogg.improveme.se\/tanjafylking\/files\/2015\/02\/bild-51-150x150.jpg 150w, https:\/\/blogg.improveme.se\/tanjafylking\/files\/2015\/02\/bild-51-300x300.jpg 300w\" sizes=\"auto, (max-width: 640px) 100vw, 640px\" \/><\/a><figcaption id=\"caption-attachment-10676\" class=\"wp-caption-text\">Figaro laddar f\u00f6r dagens balettlektion och fika best\u00e4llningen \u00e4r alltid densamma. En Smoothie, en bars och tv\u00e5 vaniljdr\u00f6mmar.<\/figcaption><\/figure>\n<figure id=\"attachment_10677\" aria-describedby=\"caption-attachment-10677\" style=\"width: 630px\" class=\"wp-caption alignleft\"><a href=\"http:\/\/blogg.improveme.se\/tanjafylking\/files\/2015\/02\/bild-211.jpg\"><img loading=\"lazy\" decoding=\"async\" class=\"wp-image-10677 size-full\" src=\"http:\/\/blogg.improveme.se\/tanjafylking\/files\/2015\/02\/bild-211.jpg\" alt=\"bild 2[1]\" width=\"640\" height=\"480\" srcset=\"https:\/\/blogg.improveme.se\/tanjafylking\/files\/2015\/02\/bild-211.jpg 640w, https:\/\/blogg.improveme.se\/tanjafylking\/files\/2015\/02\/bild-211-300x225.jpg 300w\" sizes=\"auto, (max-width: 640px) 100vw, 640px\" \/><\/a><figcaption id=\"caption-attachment-10677\" class=\"wp-caption-text\">Bullade upp med b\u00e5ttidning, choklad och blommor hos k\u00e4re maken&#8230;.<\/figcaption><\/figure>\n<figure id=\"attachment_10678\" aria-describedby=\"caption-attachment-10678\" style=\"width: 470px\" class=\"wp-caption alignleft\"><a href=\"http:\/\/blogg.improveme.se\/tanjafylking\/files\/2015\/02\/bild-12.jpg\"><img loading=\"lazy\" decoding=\"async\" class=\"wp-image-10678 size-full\" src=\"http:\/\/blogg.improveme.se\/tanjafylking\/files\/2015\/02\/bild-12.jpg\" alt=\"bild 1\" width=\"480\" height=\"640\" srcset=\"https:\/\/blogg.improveme.se\/tanjafylking\/files\/2015\/02\/bild-12.jpg 480w, https:\/\/blogg.improveme.se\/tanjafylking\/files\/2015\/02\/bild-12-225x300.jpg 225w\" sizes=\"auto, (max-width: 480px) 100vw, 480px\" \/><\/a><figcaption id=\"caption-attachment-10678\" class=\"wp-caption-text\">Heml\u00e4ngtan b\u00f6rjar bli stor&#8230;.Men han blev f\u00f6rtjust i gungstolen&#8230;..<\/figcaption><\/figure>\n<figure id=\"attachment_10679\" aria-describedby=\"caption-attachment-10679\" style=\"width: 470px\" class=\"wp-caption alignleft\"><a href=\"http:\/\/blogg.improveme.se\/tanjafylking\/files\/2015\/02\/bild-32.jpg\"><img loading=\"lazy\" decoding=\"async\" class=\"wp-image-10679 size-full\" src=\"http:\/\/blogg.improveme.se\/tanjafylking\/files\/2015\/02\/bild-32-e1422997015791.jpg\" alt=\"bild 3\" width=\"480\" height=\"640\" srcset=\"https:\/\/blogg.improveme.se\/tanjafylking\/files\/2015\/02\/bild-32-e1422997015791.jpg 480w, https:\/\/blogg.improveme.se\/tanjafylking\/files\/2015\/02\/bild-32-e1422997015791-225x300.jpg 225w\" sizes=\"auto, (max-width: 480px) 100vw, 480px\" \/><\/a><figcaption id=\"caption-attachment-10679\" class=\"wp-caption-text\">Son och Far mys, Figaro var glad \u00f6ver att f\u00e5 krama farsan baloo en stund och fr\u00e5gade alla m\u00f6jliga fr\u00e5gor om varf\u00f6r han inte kunde f\u00e5 komma hem&#8230;.<\/figcaption><\/figure>\n","protected":false},"excerpt":{"rendered":"<p>Det blev tr\u00e5kiga nyheter n\u00e4r l\u00e4karen gjorde ronden i morse. Gert fick inte \u00e5ka hem d\u00e5 det \u00e4r n\u00e5got med dom vita blodkropparna som inte st\u00e4mmer. Tr\u00e5kigt s\u00e5klart men det k\u00e4nns tryggt att han \u00e4r i goda h\u00e4nder p\u00e5 sjukhuset. Jag och Figaro best\u00e4mde att vi skulle g\u00e5 och h\u00e4lsa p\u00e5 fram\u00e5t kv\u00e4llen, efter hans &#8230; <a title=\"\u00c4nnu ett sjukhusbes\u00f6k&#8230;&#8230;\" class=\"read-more\" href=\"https:\/\/blogg.improveme.se\/tanjafylking\/2015\/02\/03\/annu-ett-sjukhusbesok\/\" aria-label=\"L\u00e4s mer om \u00c4nnu ett sjukhusbes\u00f6k&#8230;&#8230;\">L\u00e4s mer<\/a><\/p>\n","protected":false},"author":2675,"featured_media":0,"comment_status":"open","ping_status":"open","sticky":false,"template":"","format":"standard","meta":{"footnotes":""},"categories":[1],"tags":[],"class_list":["post-10674","post","type-post","status-publish","format-standard","hentry","category-okategoriserad"],"_links":{"self":[{"href":"https:\/\/blogg.improveme.se\/tanjafylking\/wp-json\/wp\/v2\/posts\/10674","targetHints":{"allow":["GET"]}}],"collection":[{"href":"https:\/\/blogg.improveme.se\/tanjafylking\/wp-json\/wp\/v2\/posts"}],"about":[{"href":"https:\/\/blogg.improveme.se\/tanjafylking\/wp-json\/wp\/v2\/types\/post"}],"author":[{"embeddable":true,"href":"https:\/\/blogg.improveme.se\/tanjafylking\/wp-json\/wp\/v2\/users\/2675"}],"replies":[{"embeddable":true,"href":"https:\/\/blogg.improveme.se\/tanjafylking\/wp-json\/wp\/v2\/comments?post=10674"}],"version-history":[{"count":0,"href":"https:\/\/blogg.improveme.se\/tanjafylking\/wp-json\/wp\/v2\/posts\/10674\/revisions"}],"wp:attachment":[{"href":"https:\/\/blogg.improveme.se\/tanjafylking\/wp-json\/wp\/v2\/media?parent=10674"}],"wp:term":[{"taxonomy":"category","embeddable":true,"href":"https:\/\/blogg.improveme.se\/tanjafylking\/wp-json\/wp\/v2\/categories?post=10674"},{"taxonomy":"post_tag","embeddable":true,"href":"https:\/\/blogg.improveme.se\/tanjafylking\/wp-json\/wp\/v2\/tags?post=10674"}],"curies":[{"name":"wp","href":"https:\/\/api.w.org\/{rel}","templated":true}]}}