{"id":10684,"date":"2015-02-04T12:50:20","date_gmt":"2015-02-04T10:50:20","guid":{"rendered":"http:\/\/blogg.improveme.se\/tanjafylking\/?p=10684"},"modified":"2015-02-04T12:50:36","modified_gmt":"2015-02-04T10:50:36","slug":"i-cancer-run","status":"publish","type":"post","link":"https:\/\/blogg.improveme.se\/tanjafylking\/2015\/02\/04\/i-cancer-run\/","title":{"rendered":"I CANcer RUN!"},"content":{"rendered":"<header class=\"entry-header\" style=\"color: #444444\">\n<h1 class=\"entry-title\" style=\"font-weight: inherit;font-style: inherit\"><\/h1>\n<p>Vintertid s\u00e5 alternerar jag min tr\u00e4ning med blandannat n\u00e5got Spinningpass i veckan, gillar spinning och det blir en n\u00e5got mjukare tr\u00e4ningsform \u00e4n alla min l\u00f6prundor ,men \u00e4nd\u00e5 med h\u00f6g intensitet. H\u00e4r tr\u00e4ffade jag f\u00f6rsta g\u00e5ngen Sara Strindlund, en j\u00e4kel p\u00e5 Spinning! Hon har s\u00e4kerligen inte noterat mig, men jag har noterat henne d\u00e5 hon \u00e4r en grym instrukt\u00f6r p\u00e5 cykel.<br \/>\nAtt hon genomlidit omg\u00e5ngar av Cancer \u00e4r inget jag haft n\u00e5gon aning om d\u00e5 hon alltid k\u00f6r j\u00e4rnet med oss p\u00e5 v\u00e5ra pass.<br \/>\nVia en v\u00e4n fick jag idag l\u00e4nken till nedanst\u00e5ende och jag m\u00e5ste s\u00e4ga att jag blev riktigt ber\u00f6rd, samtidigt stark av Saras styrka.<br \/>\nCancern har inte drabbat mig \u00e4nnu, men har haft och har flera personer i min omgivning som blivit drabbade.<br \/>\nDet \u00e4r mycket prat om Cancer och p\u00e5 nyheterna idag visade dom hur fallen \u00f6kar med 1 % om \u00e5ret, vad beror detta p\u00e5 ?<br \/>\nJag t\u00e4nker ofta p\u00e5 detta och hur vi lever i detta samh\u00e4llet. Vi \u00e4ter mat med extremt mycket tillsatser, Vi r\u00f6r oss f\u00f6r lite, all elektronik som vi har omkring oss, st\u00e4ndig stress mm tror jag \u00e4r stora faktorer som spelar in.<br \/>\nSara Strindlund \u00e4r hj\u00e4rnan bakom I CANcer RUN som du kan l\u00e4sa om nedan och sj\u00e4lv kommer jag absolut att delta \ud83d\ude42 Har du inte m\u00f6jlighet att vara med eller om du inte kan springa av olika anledningar s\u00e5 SN\u00c4LLA dela g\u00e4rna detta inl\u00e4gg&#8230;..<\/p>\n<h1 class=\"entry-title\" style=\"font-weight: inherit;font-style: inherit\">I CANcer RUN! \u2013 nu startar jag l\u00f6ptr\u00e4ning f\u00f6r v\u00e4lg\u00f6renhet<\/h1>\n<div class=\"entry-meta\" style=\"font-style: inherit\"><span class=\"posted-on\" style=\"font-style: inherit;color: #999999\"><a style=\"font-style: inherit;color: #999999\" href=\"http:\/\/sarastrindlund.com\/i-cancer-run-nu-startar-jag-loptraning-for-valgorenhet\/\" rel=\"bookmark\">1 februari, 2015<\/a><\/span><span class=\"byline\" style=\"font-style: inherit;color: #999999\"><span class=\"author vcard\" style=\"font-style: inherit\"><a class=\"url fn n\" style=\"font-style: inherit;color: #999999\" href=\"http:\/\/sarastrindlund.com\/author\/sarastrindlund\/\">sarastrindlund<\/a><\/span><\/span><\/div>\n<\/header>\n<div class=\"entry-content\" style=\"color: #444444\">\n<p style=\"font-style: inherit\"><a style=\"font-style: inherit;color: #f70067\" href=\"http:\/\/sarastrindlund.com\/wp-content\/uploads\/2015\/02\/IMG_2722.jpg\"><img loading=\"lazy\" decoding=\"async\" class=\"aligncenter size-medium wp-image-3720\" src=\"http:\/\/sarastrindlund.com\/wp-content\/uploads\/2015\/02\/IMG_2722-200x300.jpg\" alt=\"IMG_2722\" width=\"200\" height=\"300\" \/><\/a><\/p>\n<p style=\"font-style: inherit\">Ig\u00e5r tog jag beslutet som jag funderat \u00f6ver i snart 6 m\u00e5nader: Jag startar upp l\u00f6ptr\u00e4ning som kommer att g\u00e5 av stapeln 1 g\u00e5ng i m\u00e5naden, och d\u00e4r kostnaden p\u00e5 100 kr f\u00f6r att f\u00e5 delta oavkortat kommer att g\u00e5 till Cancerfonden. Allt kommer att g\u00e5 under namnet:\u00a0<strong style=\"font-style: inherit\"><span style=\"font-weight: inherit;font-style: inherit;color: #e31cd7\">I CANcer RUN!\u00a0<\/span><\/strong><\/p>\n<p style=\"font-style: inherit\">Jag har valt just det namnet f\u00f6r att jag vill att det skall vara en positiv aura runt omkring denna verksamhet och ett s\u00e5 negativt laddat ord som cancer. F\u00f6r att ge hopp till dem som \u00e4r sjuka om att det finns ett ljus bortom m\u00f6rkret, och att dem ocks\u00e5 i tanken ska kunna se sig sj\u00e4lv springa en vacker dag \u2013 friska och starka. Samt att de ska veta att det finns medm\u00e4nniskor som springer f\u00f6r dem f\u00f6r att det ska kunna bli m\u00f6jligt. Ett hopp om att alla kan springa \u2013 och att det kan bidra till ett l\u00e5ngt och friskt liv.<\/p>\n<p style=\"font-style: inherit\">Jag tog beslutet f\u00f6r att jag just nu \u00e4r i ett skede i mitt eget liv och min egen resa med sjukdomen cancer, d\u00e4r jag vill g\u00f6ra skillnad. Jag vill bidra till att andra cancersjuka ska f\u00e5 en m\u00f6jlighet till en b\u00e4ttre v\u00e5rd och en b\u00e4ttre framtid. Jag vill bidra till liv s\u00e5 l\u00e4nge som jag har m\u00f6jlighet.<\/p>\n<p style=\"font-style: inherit\">F\u00f6r dig som \u00e4r ny invigd i Sara Strindlund\u00b4s v\u00e4rld och p\u00e5 denna sida, s\u00e5 kan det vara en god id\u00e9 att ge bakgrunden till varf\u00f6r jag v\u00e4ljer att dra ig\u00e5ng denna verksamhet, och varf\u00f6r jag v\u00e4ljer att g\u00f6ra det i form av l\u00f6ptr\u00e4ning:<\/p>\n<p style=\"font-style: inherit\">F\u00f6r ett \u00e5r sedan friskf\u00f6rklarades jag fr\u00e5n cancer. Jag hade d\u00e5 haft den sjukdomen\u00a0i tv\u00e5 omg\u00e5ngar och varit sjuk i totalt tio \u00e5r. Den sista omg\u00e5ngen kom att bli den tuffaste, och den som helt enkelt handlade om liv eller d\u00f6d. Vid f\u00f6rsta tillf\u00e4llet hade jag Livmoderhalscancer och fem \u00e5r efter det beskedet, och d\u00e5 jag precis skulle bli friskf\u00f6rklarad, s\u00e5 uppt\u00e4cktes det att jag hade spriden cancer. Jag jade f\u00e5tt ett \u00e5terfall och cancern hade spridit sig till b\u00e4cken, nervplexa och njure p\u00e5 v\u00e4nster sida. Cancern fanns ocks\u00e5 i lymfa \u2013 med det sagt: jag hade cancer i hela systemet. Jag fick veta att om jag \u00f6verlevde s\u00e5 skulle jag aldrig n\u00e5gonsin kunna springa igen och att jag inte heller skulle kunna tr\u00e4na eller jobba med tr\u00e4ning som jag d\u00e5 gjorde. D\u00e4r och d\u00e5 best\u00e4mde jag mig f\u00f6r att bevisa l\u00e4karv\u00e5rden motsatsen \u2013 jag skulle \u00f6verleva och jag skulle springa igen. Jag sl\u00e4ppte aldrig tanken och dr\u00f6mmen om att jag skulle \u00f6verleva och att jag skulle kunna springa igen. Jag fick r\u00e4tt. \u00a0Efter tunga behandlingar med str\u00e5lning och cytostatika s\u00e5 b\u00f6rjade jag sakta men s\u00e4kert ta sm\u00e5 steg tilllbaka till l\u00f6psteget och att komma tillbaka som instrukt\u00f6r. Till en b\u00f6rjan handlade det om tre trappsteg innan jag var tvungen att l\u00e4gga mig och vila igen. Ingen l\u00e4kare sa \u00e5t mig att g\u00f6ra detta, eller hur jag skulle kunna komma tillbaka till mitt vanliga liv igen. Jag best\u00e4mde mig sj\u00e4lv, och jag tog mig i m\u00e5l. Tre \u00e5r efter avslutade behandlingar s\u00e5 sprang jag marathon igen \u2013 och jag gjorde det p\u00e5 personligt rekord. Jag har \u00e4n idag inte slagit den tiden trots att jag \u00e4r i b\u00e4ttre form \u00e4n n\u00e5gonsin och att flertalet marathon \u00e4r avklarade efter det. Tack vare l\u00f6pning kunde jag s\u00e5 sm\u00e5ningom sl\u00e4nga alla mina \u00a0mediciner som togs f\u00f6r alla biverkningar av sjukdomen och det den och behandlingarna hade orsakat. Jag utbildade mig i samma veva till Licensierad Personlig tr\u00e4nare, och det \u00e4r i den rollen och som grupptr\u00e4ningsinstrukt\u00f6r som jag idag \u00e4r verksam p\u00e5 SATS. Under hela min sjukdomsperiod har jag f\u00e5tt driva stora delar av min l\u00e4karv\u00e5rd sj\u00e4lv. Jag har f\u00e5tt st\u00e5 upp mot l\u00e4kare och sagt nej, d\u00e5 de ansett att diverse \u00e5tg\u00e4rder varit n\u00f6dv\u00e4ndiga, och tack vare min utbildning inom medicin och naprapati har jag kunnat g\u00f6r detta. Men s\u00e5 ser inte vardagen ut f\u00f6r de flesta som blir sjuka i cancer. De flesta har inte kunskapen i medicin, och de flesta har inte r\u00e5d eller ork att p\u00e5verka sin behandling d\u00e5 de \u00e4r som sjukast. D\u00e5 min egen resa med cancer har inneburit en kamp f\u00f6r att \u00f6verleva, samt att f\u00e5 r\u00e4tt behandling och hj\u00e4lp, s\u00e5 vill jag nu skapa denna verksamhet f\u00f6r att samla in pengar till Cancerfonden och cancerforskningen. Ett bidrag f\u00f6r att andra ska f\u00e5 r\u00e4tt l\u00e4karv\u00e5rd och en m\u00f6jlighet till att \u00f6verleva och att komma tillbaka till livet p\u00e5 ett s\u00e5 bra s\u00e4tt som m\u00f6jligt.<\/p>\n<p style=\"font-style: inherit\"><strong style=\"font-style: inherit\"><span style=\"font-weight: inherit;font-style: inherit;color: #000000\">Dessa l\u00f6partr\u00e4ffar och tr\u00e4ningar kommer att ske p\u00e5 en s\u00f6ndag i m\u00e5naden mellan kl 10-12. Kostnaden f\u00f6r att f\u00e5 delta \u00e4r 100 kr och det betalas per tillf\u00e4lle. M\u00f6jligheten att boka in sig p\u00e5 varje tillf\u00e4lle sl\u00e4pps 14 dagar f\u00f6re, och detta evenemang kommer jag att dela p\u00e5 min Facebook sida \u201dSara Strindlund \u2013 Tr\u00e4nare\u201d\u00a0<\/span><\/strong><span style=\"font-style: inherit;color: #000000\">(<\/span><span style=\"font-style: inherit;color: #000000\"><a href=\"http:\/\/www.facebook.com\/pages\/Sara-Strindlund\/744647062241786?fref=ts\">https:\/\/www.facebook.com\/pages\/Sara-Strindlund\/744647062241786?fref=ts<\/a>)<\/span><strong style=\"font-style: inherit\"><span style=\"font-weight: inherit;font-style: inherit;color: #000000\">\u00a0 som du som l\u00e4ser detta och vill vara med p\u00e5 tr\u00e4ningen m\u00e5ste g\u00e5 in och \u201dGilla\u201d. D\u00e5 evenemanget delas s\u00e5 \u00a0v\u00e4ljer du \u201dG\u00e5 med\u201d, och tillsammans med inbetalning p\u00e5 100 kr till bankgiro konto s\u00e5 kommer detta att r\u00e4knas som anm\u00e4lan. Totalt kommer vi b\u00f6rja med ett maxantal p\u00e5 100 st deltagare, och detta f\u00f6r att jag som driver detta solokvist ska kunna hantera \u00a0det hela logistiskt. Min ambition \u00e4r att ha en k\u00e4nd l\u00f6parprofil eller annan elitidrottare med vid varje tillf\u00e4lle, och som givet kommer vara delaktig i dagens tr\u00e4ningsuppl\u00e4gg.<\/span><\/strong><\/p>\n<p style=\"font-style: inherit\">Jag g\u00f6r detta helt ideellt och jag \u00f6nskar verkligen att du som l\u00e4ser detta f\u00f6rst\u00e5r hur v\u00e4lg\u00f6rande det \u00e4r \u00e4ven f\u00f6r din egen h\u00e4lsa att ge till din omv\u00e4rld. Dessutom kommer du att f\u00e5 g\u00f6ra det tillsammans med likasinnade och andra l\u00f6pare och k\u00e4nda inspirationsk\u00e4llor. Om vi blir 100 st per tillf\u00e4lle s\u00e5 \u00e4r det 10 000 kr per m\u00e5nad och 120 000 kr per \u00e5r!!! Jag kan som f\u00f6redetta cancer patient ber\u00e4tta att 10 000 kr hade r\u00e4ckt till att betala 2 st av mina cellgiftsbehandlingar \u2013 D\u00c5 f\u00f6rst\u00e5r du att din hj\u00e4lp beh\u00f6vs. Vi beh\u00f6vs!<\/p>\n<p style=\"font-style: inherit\">S\u00e5 k\u00e4ra l\u00f6pare och medm\u00e4nniskor \u2013 b\u00e5de nyb\u00f6rjare som proffs \u2013 l\u00e5t oss f\u00f6renas med l\u00f6parkl\u00e4der och l\u00f6parskor p\u00e5 och g\u00f6ra skillnad f\u00f6r dem som k\u00e4mpar med sjukdomen Cancer!<\/p>\n<p style=\"font-style: inherit\"><strong style=\"font-style: inherit\">F\u00f6rsta tillf\u00e4llet: S\u00f6ndagen den 22 mars, kl 10.00-12:00 med samling i Tantolunden p\u00e5 S\u00f6dermalm i Stockholm. Boka in det datumet i din kalender NU och \u201dGilla\u201d min sida p\u00e5 Facebook \u2013 s\u00e5 \u00e4r det bara att h\u00e5lla utkik efter att jag sl\u00e4pper platserna d\u00e4r 14 dagar innan.<\/strong><\/p>\n<p style=\"font-style: inherit\">Kom ih\u00e5g \u2013 din passion till l\u00f6pning kan r\u00e4dda en annans persons liv och g\u00f6ra s\u00e5 att \u00e4ven denne kan f\u00e5 springa \u00f6ver \u00e4ngarna! Dela mer \u00e4n g\u00e4rna detta blogg inl\u00e4gg s\u00e5 att s\u00e5 m\u00e5nga som m\u00f6jligt f\u00e5r ta del av\u00a0<strong style=\"font-style: inherit\"><span style=\"font-weight: inherit;font-style: inherit\"><span style=\"font-weight: inherit;font-style: inherit;color: #e31cd7\">I CANcer RUN!\u00a0<\/span><\/span><\/strong><span style=\"font-style: inherit\"><span style=\"font-style: inherit;color: #000000\">Min dr\u00f6m \u00e4r att detta till sist skall resultera i ett lopp d\u00e4r majoriteten av\u00a0int\u00e4kterna g\u00e5r till v\u00e4lg\u00f6renhet till cancerforskningen. Jag dr\u00f6mmer stort och jag g\u00f6r stort \u2013 det tillsammans med l\u00f6pningen har r\u00e4ddat mitt liv.<\/span><\/span><\/p>\n<p style=\"font-style: inherit\">K\u00e4rlek &amp; omtanke &lt;3<\/p>\n<div id=\"fcbk_share\" style=\"font-style: inherit\"><\/div>\n<\/div>\n<footer class=\"entry-meta\" style=\"color: #444444\"><span class=\"cat-links\" style=\"font-style: inherit;color: #999999\">\u00a0<a style=\"font-style: inherit;color: #999999\" title=\"Se alla inl\u00e4gg i Okategoriserade\" href=\"http:\/\/sarastrindlund.com\/category\/okategoriserade\/\" rel=\"category tag\">Okategoriserade<\/a> <\/span><span class=\"tags-links\" style=\"font-style: inherit;color: #999999\">\u00a0<a style=\"font-style: inherit;color: #999999\" href=\"http:\/\/sarastrindlund.com\/tag\/bodytalk-2\/\" rel=\"tag\">Bodytalk<\/a>,\u00a0<a style=\"font-style: inherit;color: #999999\" href=\"http:\/\/sarastrindlund.com\/tag\/cancer\/\" rel=\"tag\">Cancer<\/a>,\u00a0<a style=\"font-style: inherit;color: #999999\" href=\"http:\/\/sarastrindlund.com\/tag\/drommar\/\" rel=\"tag\">Dr\u00f6mmar<\/a>,\u00a0<a style=\"font-style: inherit;color: #999999\" href=\"http:\/\/sarastrindlund.com\/tag\/hjaltemod\/\" rel=\"tag\">HJ\u00e4ltemod<\/a>,\u00a0<a style=\"font-style: inherit;color: #999999\" href=\"http:\/\/sarastrindlund.com\/tag\/i-cancer-run\/\" rel=\"tag\">I CANcer RUN<\/a>,\u00a0<a style=\"font-style: inherit;color: #999999\" href=\"http:\/\/sarastrindlund.com\/tag\/lopning\/\" rel=\"tag\">L\u00f6pning<\/a>,\u00a0<a style=\"font-style: inherit;color: #999999\" href=\"http:\/\/sarastrindlund.com\/tag\/medicin\/\" rel=\"tag\">Medicin<\/a>,<\/span><\/footer>\n","protected":false},"excerpt":{"rendered":"<p>Vintertid s\u00e5 alternerar jag min tr\u00e4ning med blandannat n\u00e5got Spinningpass i veckan, gillar spinning och det blir en n\u00e5got mjukare tr\u00e4ningsform \u00e4n alla min l\u00f6prundor ,men \u00e4nd\u00e5 med h\u00f6g intensitet. H\u00e4r tr\u00e4ffade jag f\u00f6rsta g\u00e5ngen Sara Strindlund, en j\u00e4kel p\u00e5 Spinning! Hon har s\u00e4kerligen inte noterat mig, men jag har noterat henne d\u00e5 hon \u00e4r &#8230; <a title=\"I CANcer RUN!\" class=\"read-more\" href=\"https:\/\/blogg.improveme.se\/tanjafylking\/2015\/02\/04\/i-cancer-run\/\" aria-label=\"L\u00e4s mer om I CANcer RUN!\">L\u00e4s mer<\/a><\/p>\n","protected":false},"author":2675,"featured_media":0,"comment_status":"open","ping_status":"open","sticky":false,"template":"","format":"standard","meta":{"footnotes":""},"categories":[1],"tags":[],"class_list":["post-10684","post","type-post","status-publish","format-standard","hentry","category-okategoriserad"],"_links":{"self":[{"href":"https:\/\/blogg.improveme.se\/tanjafylking\/wp-json\/wp\/v2\/posts\/10684","targetHints":{"allow":["GET"]}}],"collection":[{"href":"https:\/\/blogg.improveme.se\/tanjafylking\/wp-json\/wp\/v2\/posts"}],"about":[{"href":"https:\/\/blogg.improveme.se\/tanjafylking\/wp-json\/wp\/v2\/types\/post"}],"author":[{"embeddable":true,"href":"https:\/\/blogg.improveme.se\/tanjafylking\/wp-json\/wp\/v2\/users\/2675"}],"replies":[{"embeddable":true,"href":"https:\/\/blogg.improveme.se\/tanjafylking\/wp-json\/wp\/v2\/comments?post=10684"}],"version-history":[{"count":0,"href":"https:\/\/blogg.improveme.se\/tanjafylking\/wp-json\/wp\/v2\/posts\/10684\/revisions"}],"wp:attachment":[{"href":"https:\/\/blogg.improveme.se\/tanjafylking\/wp-json\/wp\/v2\/media?parent=10684"}],"wp:term":[{"taxonomy":"category","embeddable":true,"href":"https:\/\/blogg.improveme.se\/tanjafylking\/wp-json\/wp\/v2\/categories?post=10684"},{"taxonomy":"post_tag","embeddable":true,"href":"https:\/\/blogg.improveme.se\/tanjafylking\/wp-json\/wp\/v2\/tags?post=10684"}],"curies":[{"name":"wp","href":"https:\/\/api.w.org\/{rel}","templated":true}]}}