{"id":10747,"date":"2015-02-10T22:42:01","date_gmt":"2015-02-10T20:42:01","guid":{"rendered":"http:\/\/blogg.improveme.se\/tanjafylking\/?p=10747"},"modified":"2015-02-10T22:49:31","modified_gmt":"2015-02-10T20:49:31","slug":"ett-sakert-klipp","status":"publish","type":"post","link":"https:\/\/blogg.improveme.se\/tanjafylking\/2015\/02\/10\/ett-sakert-klipp\/","title":{"rendered":"Ett s\u00e4kert klipp&#8230;."},"content":{"rendered":"<p>\u00c4ntligen var det dags att f\u00e5 bege sig till b\u00e4sta fris\u00f6r Anne p\u00e5 Karlbergsv\u00e4gen, har f\u00f6rs\u00f6kt f\u00e5 till en tid l\u00e4nge utan att lyckas! men idag blev det som sagt av. Det var dags f\u00f6r f\u00e4rg, klipp och utbyte av Extensions, har lite f\u00f6r att flytta ut mitt skandinaviska tunna h\u00e5r. Mitt h\u00e5r k\u00f6per jag fr\u00e5n Love Foreverhair som \u00e4r ett sprillans nytt m\u00e4rke p\u00e5 marknaden, med mycket god kvalit\u00e9t. Love Foreverhair finns \u00e4ven i tofsar och tillf\u00e4lliga utfyllnader som du enkelt kan fixa till, kika in H\u00c4R Som vanligt blev jag sjuk n\u00f6jd efter mitt fris\u00f6rbes\u00f6k och nu \u00e4r jag \u00e4ven uppdaterad p\u00e5 allt skvaller, d\u00e5 jag bl\u00e4ddrat igenom alla tidningsex p\u00e5 mina timmar hos Anne:) V\u00e4l hemma igen blev det fullt jobb fokus, har m\u00e5nga roliga projekt i luften s\u00e5 det g\u00e4ller att ha huvudet p\u00e5 skaft. Innan m\u00f6rkret hade fallit helt \u00f6ver Stockholm s\u00e5 begav jag mig ut p\u00e5 en l\u00f6prunda, s\u00e5 galet vackert och \u00a0mina 8 km var en fr\u00f6jd och jag k\u00e4nner mig just nu v\u00e4ldigt stark, hoppas verkligen att den k\u00e4nslan h\u00e5ller i sitt ett bra tag. Varje bra l\u00f6prunda som jag har nu tar mig n\u00e4rmare mitt m\u00e5l att springa milen under 45 min, vet att det kr\u00e4ver h\u00e5rt slit men det \u00e4r v\u00e4ldigt triggande att k\u00e4nna att grundformen finns d\u00e4r. Skall du springa Tjejmilen? Skulle vara j\u00e4ttekul om du ville dela med dig av dina b\u00e4sta tr\u00e4ningstips:) Efter denna sk\u00f6na runda s\u00e5 blev det \u00e4nnu en stunds jobb varvat med tv\u00e4ttstugan. Konstigt att det bara \u00e4r jag i familjen som hittar hit? Ingen annan som saknar rena handdukar eller ser att tv\u00e4ttkorgen b\u00f6rjar bli \u00f6verfull! T\u00e4nk vad kul det skulle vara om det fanns lite socialt trevligt umg\u00e4nge i samband med tv\u00e4ttandet, f\u00e5r nog bli mitt n\u00e4sta projekt att starta \ud83d\ude42<\/p>\n<figure id=\"attachment_10748\" aria-describedby=\"caption-attachment-10748\" style=\"width: 470px\" class=\"wp-caption alignleft\"><a href=\"http:\/\/blogg.improveme.se\/tanjafylking\/files\/2015\/02\/bild-16.jpg\"><img loading=\"lazy\" decoding=\"async\" class=\"wp-image-10748 size-full\" src=\"http:\/\/blogg.improveme.se\/tanjafylking\/files\/2015\/02\/bild-16.jpg\" alt=\"bild 1\" width=\"480\" height=\"640\" srcset=\"https:\/\/blogg.improveme.se\/tanjafylking\/files\/2015\/02\/bild-16.jpg 480w, https:\/\/blogg.improveme.se\/tanjafylking\/files\/2015\/02\/bild-16-225x300.jpg 225w\" sizes=\"auto, (max-width: 480px) 100vw, 480px\" \/><\/a><figcaption id=\"caption-attachment-10748\" class=\"wp-caption-text\">En sk\u00f6n stund hos frissan med massor av skvaller tidningar&#8230;.<\/figcaption><\/figure>\n<figure id=\"attachment_10749\" aria-describedby=\"caption-attachment-10749\" style=\"width: 470px\" class=\"wp-caption alignleft\"><a href=\"http:\/\/blogg.improveme.se\/tanjafylking\/files\/2015\/02\/bild-35.jpg\"><img loading=\"lazy\" decoding=\"async\" class=\"wp-image-10749 size-full\" src=\"http:\/\/blogg.improveme.se\/tanjafylking\/files\/2015\/02\/bild-35-e1423600392932.jpg\" alt=\"bild 3\" width=\"480\" height=\"640\" srcset=\"https:\/\/blogg.improveme.se\/tanjafylking\/files\/2015\/02\/bild-35-e1423600392932.jpg 480w, https:\/\/blogg.improveme.se\/tanjafylking\/files\/2015\/02\/bild-35-e1423600392932-225x300.jpg 225w\" sizes=\"auto, (max-width: 480px) 100vw, 480px\" \/><\/a><figcaption id=\"caption-attachment-10749\" class=\"wp-caption-text\">N\u00f6jd med mitt nyf\u00e4rgade och fixade h\u00e5r<\/figcaption><\/figure>\n<figure id=\"attachment_10750\" aria-describedby=\"caption-attachment-10750\" style=\"width: 470px\" class=\"wp-caption alignleft\"><a href=\"http:\/\/blogg.improveme.se\/tanjafylking\/files\/2015\/02\/bild-214.jpg\"><img loading=\"lazy\" decoding=\"async\" class=\"wp-image-10750 size-full\" src=\"http:\/\/blogg.improveme.se\/tanjafylking\/files\/2015\/02\/bild-214-e1423600440878.jpg\" alt=\"bild 2[1]\" width=\"480\" height=\"640\" srcset=\"https:\/\/blogg.improveme.se\/tanjafylking\/files\/2015\/02\/bild-214-e1423600440878.jpg 480w, https:\/\/blogg.improveme.se\/tanjafylking\/files\/2015\/02\/bild-214-e1423600440878-225x300.jpg 225w\" sizes=\"auto, (max-width: 480px) 100vw, 480px\" \/><\/a><figcaption id=\"caption-attachment-10750\" class=\"wp-caption-text\">Denna killen tr\u00e4ffade jag i Monte Carlo \u00e5r 2000 och han \u00e4r helt fantastiskt. jag \u00e4r \u00f6vertygad om att v\u00e5r allas Ingemar Stenmark kommer att g\u00f6ra grymt bra ifr\u00e5n sig i \u00e5rets omg\u00e5ng av Lets dance, skall bli s\u00e5\u00e5\u00e5 kul att se!<\/figcaption><\/figure>\n<figure id=\"attachment_10751\" aria-describedby=\"caption-attachment-10751\" style=\"width: 470px\" class=\"wp-caption alignleft\"><a href=\"http:\/\/blogg.improveme.se\/tanjafylking\/files\/2015\/02\/bild-46.jpg\"><img loading=\"lazy\" decoding=\"async\" class=\"wp-image-10751 size-full\" src=\"http:\/\/blogg.improveme.se\/tanjafylking\/files\/2015\/02\/bild-46-e1423600558428.jpg\" alt=\"bild 4\" width=\"480\" height=\"640\" srcset=\"https:\/\/blogg.improveme.se\/tanjafylking\/files\/2015\/02\/bild-46-e1423600558428.jpg 480w, https:\/\/blogg.improveme.se\/tanjafylking\/files\/2015\/02\/bild-46-e1423600558428-225x300.jpg 225w\" sizes=\"auto, (max-width: 480px) 100vw, 480px\" \/><\/a><figcaption id=\"caption-attachment-10751\" class=\"wp-caption-text\">Balsam f\u00f6r sj\u00e4len blev dagens l\u00f6prunda&#8230;.<\/figcaption><\/figure>\n<figure id=\"attachment_10752\" aria-describedby=\"caption-attachment-10752\" style=\"width: 470px\" class=\"wp-caption alignleft\"><a href=\"http:\/\/blogg.improveme.se\/tanjafylking\/files\/2015\/02\/bild-54.jpg\"><img loading=\"lazy\" decoding=\"async\" class=\"wp-image-10752 size-full\" src=\"http:\/\/blogg.improveme.se\/tanjafylking\/files\/2015\/02\/bild-54.jpg\" alt=\"bild 5\" width=\"480\" height=\"640\" srcset=\"https:\/\/blogg.improveme.se\/tanjafylking\/files\/2015\/02\/bild-54.jpg 480w, https:\/\/blogg.improveme.se\/tanjafylking\/files\/2015\/02\/bild-54-225x300.jpg 225w\" sizes=\"auto, (max-width: 480px) 100vw, 480px\" \/><\/a><figcaption id=\"caption-attachment-10752\" class=\"wp-caption-text\">Rundade Stadshuset och var bara tvungen att stanna och ta denna bild, Stunning Running!!!<\/figcaption><\/figure>\n<figure id=\"attachment_10753\" aria-describedby=\"caption-attachment-10753\" style=\"width: 745px\" class=\"wp-caption alignleft\"><a href=\"http:\/\/blogg.improveme.se\/tanjafylking\/files\/2015\/02\/bild11.jpg\"><img loading=\"lazy\" decoding=\"async\" class=\"wp-image-10753 size-large\" src=\"http:\/\/blogg.improveme.se\/tanjafylking\/files\/2015\/02\/bild11-755x1006.jpg\" alt=\"bild[1]\" width=\"755\" height=\"1006\" srcset=\"https:\/\/blogg.improveme.se\/tanjafylking\/files\/2015\/02\/bild11-755x1006.jpg 755w, https:\/\/blogg.improveme.se\/tanjafylking\/files\/2015\/02\/bild11-225x300.jpg 225w, https:\/\/blogg.improveme.se\/tanjafylking\/files\/2015\/02\/bild11.jpg 960w\" sizes=\"auto, (max-width: 755px) 100vw, 755px\" \/><\/a><figcaption id=\"caption-attachment-10753\" class=\"wp-caption-text\">I tv\u00e4ttstugan f\u00e5r man garantera vara ifred, ingen i familjen som sl\u00e5ss om att g\u00e5 hit direkt&#8230;..<\/figcaption><\/figure>\n","protected":false},"excerpt":{"rendered":"<p>\u00c4ntligen var det dags att f\u00e5 bege sig till b\u00e4sta fris\u00f6r Anne p\u00e5 Karlbergsv\u00e4gen, har f\u00f6rs\u00f6kt f\u00e5 till en tid l\u00e4nge utan att lyckas! men idag blev det som sagt av. Det var dags f\u00f6r f\u00e4rg, klipp och utbyte av Extensions, har lite f\u00f6r att flytta ut mitt skandinaviska tunna h\u00e5r. Mitt h\u00e5r k\u00f6per jag &#8230; <a title=\"Ett s\u00e4kert klipp&#8230;.\" class=\"read-more\" href=\"https:\/\/blogg.improveme.se\/tanjafylking\/2015\/02\/10\/ett-sakert-klipp\/\" aria-label=\"L\u00e4s mer om Ett s\u00e4kert klipp&#8230;.\">L\u00e4s mer<\/a><\/p>\n","protected":false},"author":2675,"featured_media":0,"comment_status":"open","ping_status":"open","sticky":false,"template":"","format":"standard","meta":{"footnotes":""},"categories":[1],"tags":[],"class_list":["post-10747","post","type-post","status-publish","format-standard","hentry","category-okategoriserad"],"_links":{"self":[{"href":"https:\/\/blogg.improveme.se\/tanjafylking\/wp-json\/wp\/v2\/posts\/10747","targetHints":{"allow":["GET"]}}],"collection":[{"href":"https:\/\/blogg.improveme.se\/tanjafylking\/wp-json\/wp\/v2\/posts"}],"about":[{"href":"https:\/\/blogg.improveme.se\/tanjafylking\/wp-json\/wp\/v2\/types\/post"}],"author":[{"embeddable":true,"href":"https:\/\/blogg.improveme.se\/tanjafylking\/wp-json\/wp\/v2\/users\/2675"}],"replies":[{"embeddable":true,"href":"https:\/\/blogg.improveme.se\/tanjafylking\/wp-json\/wp\/v2\/comments?post=10747"}],"version-history":[{"count":0,"href":"https:\/\/blogg.improveme.se\/tanjafylking\/wp-json\/wp\/v2\/posts\/10747\/revisions"}],"wp:attachment":[{"href":"https:\/\/blogg.improveme.se\/tanjafylking\/wp-json\/wp\/v2\/media?parent=10747"}],"wp:term":[{"taxonomy":"category","embeddable":true,"href":"https:\/\/blogg.improveme.se\/tanjafylking\/wp-json\/wp\/v2\/categories?post=10747"},{"taxonomy":"post_tag","embeddable":true,"href":"https:\/\/blogg.improveme.se\/tanjafylking\/wp-json\/wp\/v2\/tags?post=10747"}],"curies":[{"name":"wp","href":"https:\/\/api.w.org\/{rel}","templated":true}]}}