{"id":10759,"date":"2015-02-12T11:06:01","date_gmt":"2015-02-12T09:06:01","guid":{"rendered":"http:\/\/blogg.improveme.se\/tanjafylking\/?p=10759"},"modified":"2015-02-12T11:21:04","modified_gmt":"2015-02-12T09:21:04","slug":"en-ytlig-dag","status":"publish","type":"post","link":"https:\/\/blogg.improveme.se\/tanjafylking\/2015\/02\/12\/en-ytlig-dag\/","title":{"rendered":"En dag med mycket YTA&#8230;&#8230;."},"content":{"rendered":"<p>Skrattade gott n\u00e4r min v\u00e4n Camilla L\u00e4ckberg sa &#8221; Nu f\u00f6rtiden g\u00e5r det snabbare att g\u00f6ra en Pulledpork \u00e4n att g\u00f6ra sig sj\u00e4lv snygg&#8221; Ha Ha, \u00e4r faktiskt beredd att h\u00e5lla med henne \ud83d\ude42 Herregud vad mycket det \u00e4r att fixa med nu n\u00e4r man passerat 40 \u00e5r och utbudet \u00e4r enormt.<br \/>\nJag har l\u00e4nge funderat p\u00e5 att testa att g\u00f6ra 3D \u00f6gonbryn d\u00e5 jag knappt har n\u00e5gra \u00f6gonbryn och \u00e4n v\u00e4rre s\u00e5 ser jag s\u00e5 d\u00e5ligt at jag inte kan m\u00e5la dem snyggt utan glas\u00f6gon( glas\u00f6gon p\u00e5 blir ju lite b\u00f6kigt:). D\u00e5 k\u00e4nner Johanna som driver f\u00f6retaget <a href=\"http:\/\/www.eyelash-design.se\">Eyelashdesign<\/a> och har hennes full f\u00f6rtroende s\u00e5 gjorde vi ig\u00e5r slag i saken och tatuerade \u00f6gonbryn.<br \/>\nF\u00f6r att f\u00e5 dem s\u00e5 naturliga som m\u00f6jligt sk\u00e4r man sm\u00e5 snitt som ser ut som h\u00e5rstr\u00e5n och f\u00e4rgar i dessa sm\u00e5 snitt. Johanna \u00e4r gener\u00f6s med bed\u00f6vningsalva s\u00e5 det gjorde inte speciellt ont och man sk\u00e4r heller inte djup. F\u00e4rgen sitter i ca 6 m\u00e5nader och skulle man mot all f\u00f6rmodan inte bli n\u00f6jd s\u00e5 g\u00e5r det enkelt att ta bort( Skillnaden mot en riktigt tatuering).<br \/>\njag \u00e4r nog en av f\u00e5 som inte har n\u00e5gon riktigt tatuering och \u00e4r kanske d\u00e4rf\u00f6r extra r\u00e4dd f\u00f6r att g\u00f6ra saker som best\u00e5r i evighet.<br \/>\nDet n\u00e4rmaste dagarna kommer min \u00f6gonbryn att vara v\u00e4ldigt dominanta men detta kommer att l\u00e4gga sig n\u00e4r \u00f6verskottsf\u00e4rgen sl\u00e4ppt. Kan s\u00e4ga att jag redan nu \u00e4r sjuk n\u00f6jd, vilken skillnad att ha fint formade och ifyllda \u00f6gonbryn&#8230;&#8230;<\/p>\n<p>Fr\u00e5n \u00d6gonbryn till Glas\u00f6gon!<br \/>\nV\u00e5ra glas\u00f6gon hade \u00e4ntligen anl\u00e4nt till <a href=\"http:\/\/www.klarsynt.se\/butik\/Balsta-Optik.320\">B\u00e5lsta Optik<\/a> och jag, Gert och Figaro begav oss iv\u00e4g f\u00f6r att h\u00e4mta dessa.<br \/>\nFigaro var s\u00e5 f\u00f6rv\u00e4ntansfull och pirrig d\u00e5 han nu skulle f\u00e5 sina nya fina glajjor. Det har varit mycket prat om dessa, hur skall det bli?vad skall kompisarna s\u00e4ga ? Kan jag spela fotboll med glas\u00f6gon ? M\u00e5sta jag ha dem hela tiden ?<br \/>\nGullunge s\u00e4ger jag bara! Han var s\u00e5\u00e5\u00e5 s\u00f6\u00f6t i sitt f\u00f6rv\u00e4ntansfullaste leende \ud83d\ude42 Och f\u00f6r att inte tala om hur fin han blev i sina glas\u00f6gon&#8230;&#8230;<br \/>\nJag blev ocks\u00e5 supern\u00f6jd med mina nya b\u00e5gar ( \u00e4ven om jag just nu bara ser mina \u00f6gonbryn:) Ha ha<br \/>\nTar nog \u00e4ven lite tid att v\u00e4nja sig med en b\u00e5ge som inte \u00e4r s\u00e5 markant som min f\u00f6rra som var stor och svart. Blir perfekt att kunna byta lite mellan dessa tv\u00e5 helt olika&#8230;.Ombyte f\u00f6rn\u00f6jer!<\/p>\n<p>V\u00e4l hemma med familjens sina glas\u00f6gon var det dax f\u00f6r n\u00e4sta \u00e4ventyr.<br \/>\nDet var v\u00e4nnen <a href=\"http:\/\/blogg.loppi.se\/annikaduckmark\/\">Annika Duckmark <\/a>som tillsammans med h\u00e5rsalongen <a href=\"http:\/\/www.creativeheadz.se\">Creative Headz<\/a> och <a href=\"http:\/\/www.prettopr.com\/info__.html\">Pretto Pr<\/a> som anordnat en tjejkv\u00e4ll med styling, bubbel och godmat. Alla tjejerna blev snyggt fixade och fick goda tips och r\u00e5d i styling, lyxigt v\u00e4rre!<br \/>\nMed oss hem fick vi en proppfull Goodiebag med massor av fina produkter, snacka om att bli bortsk\u00e4md:)<\/p>\n<p>Med dagen full av roligt ytligt fix s\u00e5 blev det till att jobba sent, det som inte hinns med p\u00e5 dagen f\u00e5r g\u00f6ras p\u00e5 kv\u00e4llen&#8230;. S\u00e5n\u00b4t \u00e4r livet som egenf\u00f6retagare!<br \/>\n<a href=\"http:\/\/blogg.improveme.se\/tanjafylking\/files\/2015\/02\/bild-47.jpg\"><img loading=\"lazy\" decoding=\"async\" class=\"alignleft size-full wp-image-10762\" src=\"http:\/\/blogg.improveme.se\/tanjafylking\/files\/2015\/02\/bild-47.jpg\" alt=\"bild 4\" width=\"640\" height=\"640\" srcset=\"https:\/\/blogg.improveme.se\/tanjafylking\/files\/2015\/02\/bild-47.jpg 640w, https:\/\/blogg.improveme.se\/tanjafylking\/files\/2015\/02\/bild-47-150x150.jpg 150w, https:\/\/blogg.improveme.se\/tanjafylking\/files\/2015\/02\/bild-47-300x300.jpg 300w\" sizes=\"auto, (max-width: 640px) 100vw, 640px\" \/><\/a> <a href=\"http:\/\/blogg.improveme.se\/tanjafylking\/files\/2015\/02\/bild-36.jpg\"><img loading=\"lazy\" decoding=\"async\" class=\"alignleft size-large wp-image-10763\" src=\"http:\/\/blogg.improveme.se\/tanjafylking\/files\/2015\/02\/bild-36.jpg\" alt=\"bild 3\" width=\"640\" height=\"640\" srcset=\"https:\/\/blogg.improveme.se\/tanjafylking\/files\/2015\/02\/bild-36.jpg 640w, https:\/\/blogg.improveme.se\/tanjafylking\/files\/2015\/02\/bild-36-150x150.jpg 150w, https:\/\/blogg.improveme.se\/tanjafylking\/files\/2015\/02\/bild-36-300x300.jpg 300w\" sizes=\"auto, (max-width: 640px) 100vw, 640px\" \/><\/a> <a href=\"http:\/\/blogg.improveme.se\/tanjafylking\/files\/2015\/02\/IMG_3329.jpg\"><img loading=\"lazy\" decoding=\"async\" class=\"alignleft size-large wp-image-10764\" src=\"http:\/\/blogg.improveme.se\/tanjafylking\/files\/2015\/02\/IMG_3329-755x566.jpg\" alt=\"IMG_3329\" width=\"755\" height=\"566\" srcset=\"https:\/\/blogg.improveme.se\/tanjafylking\/files\/2015\/02\/IMG_3329-755x566.jpg 755w, https:\/\/blogg.improveme.se\/tanjafylking\/files\/2015\/02\/IMG_3329-300x225.jpg 300w, https:\/\/blogg.improveme.se\/tanjafylking\/files\/2015\/02\/IMG_3329.jpg 1624w\" sizes=\"auto, (max-width: 755px) 100vw, 755px\" \/><\/a> <a href=\"http:\/\/blogg.improveme.se\/tanjafylking\/files\/2015\/02\/bild-215.jpg\"><img loading=\"lazy\" decoding=\"async\" class=\"alignleft size-large wp-image-10765\" src=\"http:\/\/blogg.improveme.se\/tanjafylking\/files\/2015\/02\/bild-215.jpg\" alt=\"bild 2[1]\" width=\"640\" height=\"640\" srcset=\"https:\/\/blogg.improveme.se\/tanjafylking\/files\/2015\/02\/bild-215.jpg 640w, https:\/\/blogg.improveme.se\/tanjafylking\/files\/2015\/02\/bild-215-150x150.jpg 150w, https:\/\/blogg.improveme.se\/tanjafylking\/files\/2015\/02\/bild-215-300x300.jpg 300w\" sizes=\"auto, (max-width: 640px) 100vw, 640px\" \/><\/a> <a href=\"http:\/\/blogg.improveme.se\/tanjafylking\/files\/2015\/02\/bild-17.jpg\"><img loading=\"lazy\" decoding=\"async\" class=\"alignleft size-large wp-image-10766\" src=\"http:\/\/blogg.improveme.se\/tanjafylking\/files\/2015\/02\/bild-17.jpg\" alt=\"bild 1\" width=\"640\" height=\"640\" srcset=\"https:\/\/blogg.improveme.se\/tanjafylking\/files\/2015\/02\/bild-17.jpg 640w, https:\/\/blogg.improveme.se\/tanjafylking\/files\/2015\/02\/bild-17-150x150.jpg 150w, https:\/\/blogg.improveme.se\/tanjafylking\/files\/2015\/02\/bild-17-300x300.jpg 300w\" sizes=\"auto, (max-width: 640px) 100vw, 640px\" \/><\/a><\/p>\n","protected":false},"excerpt":{"rendered":"<p>Skrattade gott n\u00e4r min v\u00e4n Camilla L\u00e4ckberg sa &#8221; Nu f\u00f6rtiden g\u00e5r det snabbare att g\u00f6ra en Pulledpork \u00e4n att g\u00f6ra sig sj\u00e4lv snygg&#8221; Ha Ha, \u00e4r faktiskt beredd att h\u00e5lla med henne \ud83d\ude42 Herregud vad mycket det \u00e4r att fixa med nu n\u00e4r man passerat 40 \u00e5r och utbudet \u00e4r enormt. Jag har l\u00e4nge &#8230; <a title=\"En dag med mycket YTA&#8230;&#8230;.\" class=\"read-more\" href=\"https:\/\/blogg.improveme.se\/tanjafylking\/2015\/02\/12\/en-ytlig-dag\/\" aria-label=\"L\u00e4s mer om En dag med mycket YTA&#8230;&#8230;.\">L\u00e4s mer<\/a><\/p>\n","protected":false},"author":2675,"featured_media":0,"comment_status":"open","ping_status":"open","sticky":false,"template":"","format":"standard","meta":{"footnotes":""},"categories":[1],"tags":[],"class_list":["post-10759","post","type-post","status-publish","format-standard","hentry","category-okategoriserad"],"_links":{"self":[{"href":"https:\/\/blogg.improveme.se\/tanjafylking\/wp-json\/wp\/v2\/posts\/10759","targetHints":{"allow":["GET"]}}],"collection":[{"href":"https:\/\/blogg.improveme.se\/tanjafylking\/wp-json\/wp\/v2\/posts"}],"about":[{"href":"https:\/\/blogg.improveme.se\/tanjafylking\/wp-json\/wp\/v2\/types\/post"}],"author":[{"embeddable":true,"href":"https:\/\/blogg.improveme.se\/tanjafylking\/wp-json\/wp\/v2\/users\/2675"}],"replies":[{"embeddable":true,"href":"https:\/\/blogg.improveme.se\/tanjafylking\/wp-json\/wp\/v2\/comments?post=10759"}],"version-history":[{"count":0,"href":"https:\/\/blogg.improveme.se\/tanjafylking\/wp-json\/wp\/v2\/posts\/10759\/revisions"}],"wp:attachment":[{"href":"https:\/\/blogg.improveme.se\/tanjafylking\/wp-json\/wp\/v2\/media?parent=10759"}],"wp:term":[{"taxonomy":"category","embeddable":true,"href":"https:\/\/blogg.improveme.se\/tanjafylking\/wp-json\/wp\/v2\/categories?post=10759"},{"taxonomy":"post_tag","embeddable":true,"href":"https:\/\/blogg.improveme.se\/tanjafylking\/wp-json\/wp\/v2\/tags?post=10759"}],"curies":[{"name":"wp","href":"https:\/\/api.w.org\/{rel}","templated":true}]}}