{"id":10771,"date":"2015-02-12T21:46:51","date_gmt":"2015-02-12T19:46:51","guid":{"rendered":"http:\/\/blogg.improveme.se\/tanjafylking\/?p=10771"},"modified":"2015-02-12T23:53:18","modified_gmt":"2015-02-12T21:53:18","slug":"kakor-som-inte-gar-att-motsta","status":"publish","type":"post","link":"https:\/\/blogg.improveme.se\/tanjafylking\/2015\/02\/12\/kakor-som-inte-gar-att-motsta\/","title":{"rendered":"Kakor som inte g\u00e5r att motst\u00e5&#8230;&#8230;"},"content":{"rendered":"<p>Tjejerna p\u00e5 <a href=\"http:\/\/www.arbraangbageri.se\">Arbr\u00e5bageri<\/a> har rent ut sagt dragit in mig i kaktr\u00e4sket. Deras underbart goda kakor som dom bjudit p\u00e5 under \u00e5ren, pepparkakor och deras tre sorter sm\u00e5kakor har nu dessutom f\u00e5tt till\u00f6kning med Citronkakor:) Herregud detta \u00e4r ju inte bra&#8230;<br \/>\nHur m\u00e5nga mil skall jag beh\u00f6va springa i veckan:)&#8230;&#8230;..<br \/>\nMen jag kan \u00e4nd\u00e5 inte l\u00e5ta bli att best\u00e4lla ett g\u00e4ng burkar b\u00e5de till mig sj\u00e4lv och mina v\u00e4nner. \u00c4lskar designen p\u00e5 burkarna och inneh\u00e5llet \u00e4r B\u00c4ST. Nu k\u00e4ra v\u00e4nner kan ni f\u00f6rboka era burkar hos <a href=\"http:\/\/www.inreda.com\">Inreda.com<br \/>\n<\/a><a href=\"http:\/\/blogg.improveme.se\/tanjafylking\/files\/2015\/02\/10376149_10153002806971698_6106427229620543915_n.jpg\"><img loading=\"lazy\" decoding=\"async\" class=\"alignleft size-full wp-image-10774\" src=\"http:\/\/blogg.improveme.se\/tanjafylking\/files\/2015\/02\/10376149_10153002806971698_6106427229620543915_n.jpg\" alt=\"10376149_10153002806971698_6106427229620543915_n\" width=\"640\" height=\"640\" srcset=\"https:\/\/blogg.improveme.se\/tanjafylking\/files\/2015\/02\/10376149_10153002806971698_6106427229620543915_n.jpg 640w, https:\/\/blogg.improveme.se\/tanjafylking\/files\/2015\/02\/10376149_10153002806971698_6106427229620543915_n-150x150.jpg 150w, https:\/\/blogg.improveme.se\/tanjafylking\/files\/2015\/02\/10376149_10153002806971698_6106427229620543915_n-300x300.jpg 300w\" sizes=\"auto, (max-width: 640px) 100vw, 640px\" \/><\/a><a href=\"http:\/\/www.inreda.com\"><br \/>\n<\/a><\/p>\n","protected":false},"excerpt":{"rendered":"<p>Tjejerna p\u00e5 Arbr\u00e5bageri har rent ut sagt dragit in mig i kaktr\u00e4sket. Deras underbart goda kakor som dom bjudit p\u00e5 under \u00e5ren, pepparkakor och deras tre sorter sm\u00e5kakor har nu dessutom f\u00e5tt till\u00f6kning med Citronkakor:) Herregud detta \u00e4r ju inte bra&#8230; Hur m\u00e5nga mil skall jag beh\u00f6va springa i veckan:)&#8230;&#8230;.. Men jag kan \u00e4nd\u00e5 inte &#8230; <a title=\"Kakor som inte g\u00e5r att motst\u00e5&#8230;&#8230;\" class=\"read-more\" href=\"https:\/\/blogg.improveme.se\/tanjafylking\/2015\/02\/12\/kakor-som-inte-gar-att-motsta\/\" aria-label=\"L\u00e4s mer om Kakor som inte g\u00e5r att motst\u00e5&#8230;&#8230;\">L\u00e4s mer<\/a><\/p>\n","protected":false},"author":2675,"featured_media":0,"comment_status":"open","ping_status":"open","sticky":false,"template":"","format":"standard","meta":{"footnotes":""},"categories":[1],"tags":[],"class_list":["post-10771","post","type-post","status-publish","format-standard","hentry","category-okategoriserad"],"_links":{"self":[{"href":"https:\/\/blogg.improveme.se\/tanjafylking\/wp-json\/wp\/v2\/posts\/10771","targetHints":{"allow":["GET"]}}],"collection":[{"href":"https:\/\/blogg.improveme.se\/tanjafylking\/wp-json\/wp\/v2\/posts"}],"about":[{"href":"https:\/\/blogg.improveme.se\/tanjafylking\/wp-json\/wp\/v2\/types\/post"}],"author":[{"embeddable":true,"href":"https:\/\/blogg.improveme.se\/tanjafylking\/wp-json\/wp\/v2\/users\/2675"}],"replies":[{"embeddable":true,"href":"https:\/\/blogg.improveme.se\/tanjafylking\/wp-json\/wp\/v2\/comments?post=10771"}],"version-history":[{"count":0,"href":"https:\/\/blogg.improveme.se\/tanjafylking\/wp-json\/wp\/v2\/posts\/10771\/revisions"}],"wp:attachment":[{"href":"https:\/\/blogg.improveme.se\/tanjafylking\/wp-json\/wp\/v2\/media?parent=10771"}],"wp:term":[{"taxonomy":"category","embeddable":true,"href":"https:\/\/blogg.improveme.se\/tanjafylking\/wp-json\/wp\/v2\/categories?post=10771"},{"taxonomy":"post_tag","embeddable":true,"href":"https:\/\/blogg.improveme.se\/tanjafylking\/wp-json\/wp\/v2\/tags?post=10771"}],"curies":[{"name":"wp","href":"https:\/\/api.w.org\/{rel}","templated":true}]}}