{"id":10798,"date":"2015-02-17T22:10:04","date_gmt":"2015-02-17T20:10:04","guid":{"rendered":"http:\/\/blogg.improveme.se\/tanjafylking\/?p=10798"},"modified":"2015-02-17T22:38:13","modified_gmt":"2015-02-17T20:38:13","slug":"linas-matkasse-men-var-ar-lina","status":"publish","type":"post","link":"https:\/\/blogg.improveme.se\/tanjafylking\/2015\/02\/17\/linas-matkasse-men-var-ar-lina\/","title":{"rendered":"Linas Matkasse, men var \u00e4r Lina ?"},"content":{"rendered":"<p>En stor l\u00e4ttnad f\u00f6r v\u00e5r v\u00e5ran familj \u00e4r Lina\u00b4s Matkasse, till och med k\u00e4re maken har efter 6 m\u00e5nader b\u00f6rjat laga mat , sakta men s\u00e4kert. Ig\u00e5r fick vi d\u00e5 v\u00e5ran efterl\u00e4ngtade leverans, d\u00e5 vi best\u00e4ller en p\u00e5se f\u00f6r 4 pers och fem middagar varannan vecka. En st\u00e5ende fras fr\u00e5n Gert \u00e4r &#8221; Nu har Lina\u00b4s matkasse kommit! men jag undrar vart LINA \u00e4r ?&#8221; Ja det \u00e4r n\u00e4stan lika kul varje g\u00e5ng faktiskt&#8230;&#8230;.. T\u00e4nk sj\u00e4lv om man kunde f\u00e5 med George Clooney i matkassen!!! F\u00e5r nog utveckla denna iden &#8230;..:)<\/p>\n<p><figure id=\"attachment_10799\" aria-describedby=\"caption-attachment-10799\" style=\"width: 630px\" class=\"wp-caption aligncenter\"><a href=\"http:\/\/blogg.improveme.se\/tanjafylking\/files\/2015\/02\/bild-431.jpg\"><img loading=\"lazy\" decoding=\"async\" class=\"wp-image-10799 size-full\" src=\"http:\/\/blogg.improveme.se\/tanjafylking\/files\/2015\/02\/bild-431.jpg\" alt=\"bild 4[3]\" width=\"640\" height=\"640\" srcset=\"https:\/\/blogg.improveme.se\/tanjafylking\/files\/2015\/02\/bild-431.jpg 640w, https:\/\/blogg.improveme.se\/tanjafylking\/files\/2015\/02\/bild-431-150x150.jpg 150w, https:\/\/blogg.improveme.se\/tanjafylking\/files\/2015\/02\/bild-431-300x300.jpg 300w\" sizes=\"auto, (max-width: 640px) 100vw, 640px\" \/><\/a><figcaption id=\"caption-attachment-10799\" class=\"wp-caption-text\">Matkassen och fruktkassen p\u00e5 plats i det Fylkingskak\u00f6ket<\/figcaption><\/figure><a href=\"http:\/\/blogg.improveme.se\/tanjafylking\/files\/2015\/02\/bild-431.jpg\"> H<\/a>ar k\u00e4nt mig lite halvkrasslig och frusen n\u00e5gra dagar, f\u00f6rmodligen n\u00e5gon liten bacill som gnagt sig fast i mig. Har d\u00e4rf\u00f6r inte tr\u00e4nat p\u00e5 flera dagar vilket i sig f\u00e5r mig att m\u00e5 \u00e4nnu s\u00e4mre. Saknar min tr\u00e4ning och k\u00e4nslan av att k\u00e4nna mig stark, t\u00e4nk vad snabbt detta v\u00e4nder. F\u00f6rra veckan var jag s\u00e5\u00e5 taggad p\u00e5 min l\u00f6pning och idag blev det med n\u00f6d och n\u00e4ppe en power walk ( i Gert\u00b4s tempo = Sakta) \u00a0Helt klart b\u00e4ttre \u00e4n inget och det blev i varjefall en timma ute i dagsljuset&#8230;. <a href=\"http:\/\/blogg.improveme.se\/tanjafylking\/files\/2015\/02\/bild-332-e1424204341637.jpg\"><img loading=\"lazy\" decoding=\"async\" class=\"aligncenter size-large wp-image-10803\" src=\"http:\/\/blogg.improveme.se\/tanjafylking\/files\/2015\/02\/bild-332-e1424204341637-755x1006.jpg\" alt=\"bild 3[3]\" width=\"755\" height=\"1006\" srcset=\"https:\/\/blogg.improveme.se\/tanjafylking\/files\/2015\/02\/bild-332-e1424204341637-755x1006.jpg 755w, https:\/\/blogg.improveme.se\/tanjafylking\/files\/2015\/02\/bild-332-e1424204341637-225x300.jpg 225w, https:\/\/blogg.improveme.se\/tanjafylking\/files\/2015\/02\/bild-332-e1424204341637.jpg 960w\" sizes=\"auto, (max-width: 755px) 100vw, 755px\" \/><\/a><\/p>\n<p><figure id=\"attachment_10804\" aria-describedby=\"caption-attachment-10804\" style=\"width: 470px\" class=\"wp-caption aligncenter\"><a href=\"http:\/\/blogg.improveme.se\/tanjafylking\/files\/2015\/02\/bild-241.jpg\"><img loading=\"lazy\" decoding=\"async\" class=\"wp-image-10804 size-full\" src=\"http:\/\/blogg.improveme.se\/tanjafylking\/files\/2015\/02\/bild-241-e1424204835651.jpg\" alt=\"bild 2[4]\" width=\"480\" height=\"640\" srcset=\"https:\/\/blogg.improveme.se\/tanjafylking\/files\/2015\/02\/bild-241-e1424204835651.jpg 480w, https:\/\/blogg.improveme.se\/tanjafylking\/files\/2015\/02\/bild-241-e1424204835651-225x300.jpg 225w\" sizes=\"auto, (max-width: 480px) 100vw, 480px\" \/><\/a><figcaption id=\"caption-attachment-10804\" class=\"wp-caption-text\">Figaro blir snygg i h\u00e5ret innan det b\u00e4r iv\u00e4g p\u00e5 dagens balettlektion, det nalkas upptr\u00e4dande snart&#8230;..<\/figcaption><\/figure><figure id=\"attachment_10805\" aria-describedby=\"caption-attachment-10805\" style=\"width: 470px\" class=\"wp-caption aligncenter\"><a href=\"http:\/\/blogg.improveme.se\/tanjafylking\/files\/2015\/02\/bild-132.jpg\"><img loading=\"lazy\" decoding=\"async\" class=\"wp-image-10805 size-full\" src=\"http:\/\/blogg.improveme.se\/tanjafylking\/files\/2015\/02\/bild-132.jpg\" alt=\"bild 1[3]\" width=\"480\" height=\"640\" srcset=\"https:\/\/blogg.improveme.se\/tanjafylking\/files\/2015\/02\/bild-132.jpg 480w, https:\/\/blogg.improveme.se\/tanjafylking\/files\/2015\/02\/bild-132-225x300.jpg 225w\" sizes=\"auto, (max-width: 480px) 100vw, 480px\" \/><\/a><figcaption id=\"caption-attachment-10805\" class=\"wp-caption-text\">Gert stack p\u00e5 fotboll hos killkompisarna s\u00e5 jag och Figaro hade Soffmys med te och frukt<\/figcaption><\/figure><figure id=\"attachment_10806\" aria-describedby=\"caption-attachment-10806\" style=\"width: 470px\" class=\"wp-caption aligncenter\"><a href=\"http:\/\/blogg.improveme.se\/tanjafylking\/files\/2015\/02\/bild3.jpg\"><img loading=\"lazy\" decoding=\"async\" class=\"wp-image-10806 size-full\" src=\"http:\/\/blogg.improveme.se\/tanjafylking\/files\/2015\/02\/bild3-e1424205011954.jpg\" alt=\"bild[3]\" width=\"480\" height=\"640\" srcset=\"https:\/\/blogg.improveme.se\/tanjafylking\/files\/2015\/02\/bild3-e1424205011954.jpg 480w, https:\/\/blogg.improveme.se\/tanjafylking\/files\/2015\/02\/bild3-e1424205011954-225x300.jpg 225w\" sizes=\"auto, (max-width: 480px) 100vw, 480px\" \/><\/a><figcaption id=\"caption-attachment-10806\" class=\"wp-caption-text\">N\u00e4r katten \u00e4r borta!&#8230;.S\u00e5 passar vi p\u00e5 att \u00e4ven somna ihop, det finns v\u00e4l inget b\u00e4ttre \u00e4n att krypa ner i kojs med sina barn? Natti Natti fr\u00e5n Oss&#8230;.<\/figcaption><\/figure><\/p>\n","protected":false},"excerpt":{"rendered":"<p>En stor l\u00e4ttnad f\u00f6r v\u00e5r v\u00e5ran familj \u00e4r Lina\u00b4s Matkasse, till och med k\u00e4re maken har efter 6 m\u00e5nader b\u00f6rjat laga mat , sakta men s\u00e4kert. Ig\u00e5r fick vi d\u00e5 v\u00e5ran efterl\u00e4ngtade leverans, d\u00e5 vi best\u00e4ller en p\u00e5se f\u00f6r 4 pers och fem middagar varannan vecka. En st\u00e5ende fras fr\u00e5n Gert \u00e4r &#8221; Nu har &#8230; <a title=\"Linas Matkasse, men var \u00e4r Lina ?\" class=\"read-more\" href=\"https:\/\/blogg.improveme.se\/tanjafylking\/2015\/02\/17\/linas-matkasse-men-var-ar-lina\/\" aria-label=\"L\u00e4s mer om Linas Matkasse, men var \u00e4r Lina ?\">L\u00e4s mer<\/a><\/p>\n","protected":false},"author":2675,"featured_media":0,"comment_status":"open","ping_status":"open","sticky":false,"template":"","format":"standard","meta":{"footnotes":""},"categories":[1],"tags":[],"class_list":["post-10798","post","type-post","status-publish","format-standard","hentry","category-okategoriserad"],"_links":{"self":[{"href":"https:\/\/blogg.improveme.se\/tanjafylking\/wp-json\/wp\/v2\/posts\/10798","targetHints":{"allow":["GET"]}}],"collection":[{"href":"https:\/\/blogg.improveme.se\/tanjafylking\/wp-json\/wp\/v2\/posts"}],"about":[{"href":"https:\/\/blogg.improveme.se\/tanjafylking\/wp-json\/wp\/v2\/types\/post"}],"author":[{"embeddable":true,"href":"https:\/\/blogg.improveme.se\/tanjafylking\/wp-json\/wp\/v2\/users\/2675"}],"replies":[{"embeddable":true,"href":"https:\/\/blogg.improveme.se\/tanjafylking\/wp-json\/wp\/v2\/comments?post=10798"}],"version-history":[{"count":0,"href":"https:\/\/blogg.improveme.se\/tanjafylking\/wp-json\/wp\/v2\/posts\/10798\/revisions"}],"wp:attachment":[{"href":"https:\/\/blogg.improveme.se\/tanjafylking\/wp-json\/wp\/v2\/media?parent=10798"}],"wp:term":[{"taxonomy":"category","embeddable":true,"href":"https:\/\/blogg.improveme.se\/tanjafylking\/wp-json\/wp\/v2\/categories?post=10798"},{"taxonomy":"post_tag","embeddable":true,"href":"https:\/\/blogg.improveme.se\/tanjafylking\/wp-json\/wp\/v2\/tags?post=10798"}],"curies":[{"name":"wp","href":"https:\/\/api.w.org\/{rel}","templated":true}]}}