{"id":10810,"date":"2015-02-18T22:43:04","date_gmt":"2015-02-18T20:43:04","guid":{"rendered":"http:\/\/blogg.improveme.se\/tanjafylking\/?p=10810"},"modified":"2015-02-19T10:19:57","modified_gmt":"2015-02-19T08:19:57","slug":"rokarens-sak-snarare-an-polisens","status":"publish","type":"post","link":"https:\/\/blogg.improveme.se\/tanjafylking\/2015\/02\/18\/rokarens-sak-snarare-an-polisens\/","title":{"rendered":"&#8221;R\u00f6karens sak snarare \u00e4n polisens&#8221;"},"content":{"rendered":"<div>\n<hgroup>\n<h1 class=\"svtH1-THEMED\" style=\"color: #000000\">Bjuder p\u00e5 Gerts artikeln i &#8221;Dagens opinion&#8221;<\/h1>\n<h1 class=\"svtH1-THEMED\" style=\"color: #000000\"><\/h1>\n<h1 class=\"svtH1-THEMED\" style=\"color: #000000\">\u201dR\u00f6karens sak snarare \u00e4n polisens\u201d<\/h1>\n<\/hgroup>\n<p><span class=\"svtTimestamp svtTimestamp--discreet\" style=\"color: #808080\">7 timmar sedan<\/span><\/p>\n<section class=\"svtCarousel svtCarousel--mediaSwipe svtCarousel--fullSizeContent svtJsCarouselMedia svtClearfix svtJsCarouselInitialized\">\n<figure class=\"svtCarousel__item svtJsCarouselItem\"><img decoding=\"async\" class=\"svtJsReplaceImage svtHide-No-Js\" src=\"http:\/\/www.svt.se\/cachable_image\/1424264868\/opinion\/article2687554.svt\/alternates\/large\/leif-r-jansson-tt-maja-suslin-tt-jpg\" alt=\" Leif R Jansson \/ TT \/ Maja Suslin \/ TT\" \/><\/figure>\n<div class=\"svtCarousel__bottomArea svtClearfix\"><span class=\"svtCarousel__captionPhoto svtJsCarouselCaptionPhoto\" style=\"color: gray\">Foto: Leif R Jansson \/ TT \/ Maja Suslin \/ TT<\/span><\/div>\n<\/section>\n<p class=\"svtTextLead-Article\" style=\"font-weight: bold\">\u201dDet \u00e4r v\u00e4ldigt l\u00e4tt och synnerligen politiskt korrekt att i detta tidevarv av tr\u00e4ning, surdeg och fettsugning kasta sig \u00f6ver r\u00f6kare, mota bort dom och i alla stycken krympa deras v\u00e4rld\u201d, skriver Gert Fylking.<\/p>\n<\/div>\n<aside class=\"svtArticleContainerAside\">\n<div class=\"nss_author-list--opinion\">\n<div class=\"nss_author-list__header\">\n<div class=\"nss_author-list__heading-wrapper\"><span class=\"nss_author-list__heading\" style=\"font-weight: bold;color: white\">R\u00f6kf\u00f6rb<\/span><\/div>\n<div class=\"nss_author-list__heading-bottom\"><\/div>\n<\/div>\n<div class=\"nss_author-list__wrapper\">\n<div class=\"nss_author-list__item svtClearfix\">\n<div class=\"nss_author-list__text-wrapper\"><span class=\"nss_author-list__title\" style=\"font-weight: bold\">Gert Fylking<\/span><span class=\"nss_author-list__role\">Sk\u00e5despelare, journalist<\/span><\/div>\n<\/div>\n<\/div>\n<\/div>\n<\/aside>\n<div class=\"svtArticleContainerMain\">\n<div id=\"article2687339\" class=\"svtTextBread-Article svtXMargin-Bottom-30px\" style=\"color: #1a1a1a\">\u201d<strong>Sluta de p\u00e5verkbara h\u00e4lsoklyftorna<\/strong>\u00a0inom en generation[..]\u201d Detta och mycket mer d\u00e4rtill skriver folkh\u00e4lsominister Gabriel Wikstr\u00f6m (S) i en debattartikel p\u00e5\u00a0<a style=\"color: #0059b3\" title=\"Folkh\u00e4lsominister Gabriel Wikstr\u00f6m p\u00e5 DN Debatt, 18 februari 2015: \u201dR\u00f6kfria uteserveringar n\u00e4sta steg f\u00f6r att minska r\u00f6kningen\u201d\" href=\"http:\/\/www.dn.se\/debatt\/rokfria-uteserveringar-nasta-steg-for-att-minska-rokningen\/\" target=\"_blank\">DN<\/a>\u00a0och avser r\u00f6kning. <strong>Att inf\u00f6ra ett f\u00f6rbud som bland annat skulle inneb\u00e4ra stopp f\u00f6r r\u00f6kning p\u00e5 krogarnas uteserveringar. Att det inte ska vara till\u00e5tet att skylta med cigaretter bakom disk och att alla paket ska se lika danna ut.<\/strong> Totalstopp i och med laga f\u00f6rbud<strong>\u00a0<\/strong>f\u00f6r r\u00f6kning skulle infalla 2025. Tusen och \u00e5ter tusen m\u00e4nniskor d\u00f6r i tobaksrelaterade sjukdomar. Hundratusentals r\u00f6kare d\u00f6r i cancer! Och sj\u00e4lvklart har Folkh\u00e4lsoministern ett ansvar. Men vi, alla sammantaget, r\u00f6kare och icke-r\u00f6kare, har ett \u00e4n st\u00f6rre ansvar. Gentemot oss sj\u00e4lva. Gentemot v\u00e5r omgivning. <strong>Men i vilken \u00e4nde ska vi b\u00f6rja.<\/strong>\u00a0Med f\u00f6rbud? Lagrum? Med p\u00e5f\u00f6ljande bestraffning! Eller genom upplysning, goda f\u00f6rebilder och uppfostran? F\u00f6rbud enligt lag? Knappast. Du och jag bryter mot X antal lagar varje dag. Ibland \u00e5ker vi fast och det blir p\u00e5f\u00f6ljder, ibland inte. Samh\u00e4llet har inte resurser till att \u00f6vervaka att alla lagar f\u00f6ljs till punkt och prickar. <strong>R\u00f6kare luktar illa och sprider giftmoln omkring sig. Passiv r\u00f6kning \u00e4r ett gissel. Men det \u00e4r v\u00e4l r\u00f6karens sak att avstyra det snarare \u00e4n polisens &#8211; det m\u00e5ste v\u00e4l handla om omtanke om sin n\u00e4sta snarare \u00e4n att vara laglydig.<\/strong> Det finns bara ett s\u00e4tt att komma tillr\u00e4tta med all v\u00e4rldens problem d\u00e4r r\u00f6kning m\u00e5 vara ett: Utbildning. Men n\u00e4r man s\u00e4tter bocken (politiker) till tr\u00e4dg\u00e5rdsm\u00e4stare kan resultatet inte bli annat \u00e4n: \u201dMot folket i framtiden\u201d. <strong>Det \u00e4r v\u00e4ldigt l\u00e4tt och synnerligen politiskt korrekt att i detta tidevarv av tr\u00e4ning, surdeg och fettsugning kasta sig \u00f6ver r\u00f6kare, mota bort dom och i alla stycken krympa deras v\u00e4rld.<\/strong> Dom luktar illa! Att dom vid varje cigg dom tar f\u00f6rst\u00f6r sig sj\u00e4lva skiter vi i. Kunde det inte vara l\u00e4mpligare att ist\u00e4llet f\u00f6r att sk\u00e4lla ut dom ta fram en liten folder, med en liten h\u00e4lsning fr\u00e5n Folkh\u00e4lsoministern, ur handv\u00e4skan d\u00e4r de skadliga verkningarna av r\u00f6kning p\u00e5 ett pedagogiskt s\u00e4tt beskrivs? Det finns s\u00e5 mycket som \u00e4r farligt. En massa \u00f6verviktiga knoddar som sitter framf\u00f6r en dator eller Ipad hela dagarna matade med dynga utav morsor med sockersjuka och annat el\u00e4nde, som tack f\u00f6r kaffet. <strong>Folkh\u00e4lsoministern vet<\/strong>\u00a0att ett av de stora folkh\u00e4lsoproblemen \u00e4r att vi r\u00f6r oss f\u00f6r lite. Skolan har politikerna b\u00e5de ansvar f\u00f6r och makt \u00f6ver. Vad s\u00e4gs om ett par timmar extra gymnastik i veckan. <strong>Och n\u00e4r ska man besluta om alkoholf\u00f6rbud p\u00e5 krogen? Alkoholism \u00e4r ett galopperande problem i samh\u00e4llet som kryper allt l\u00e4ngre ner i \u00e5ldrarna och som st\u00e4ller till ett ofantligt lidande f\u00f6r barnen till alkoholiserade f\u00f6r\u00e4ldrar.<\/strong> Det \u00e4r vi eller dom och det \u00e4r den som skriker h\u00f6gst och som \u00e4r mest och b\u00e4st organiserad som \u00e4r vi. Resten \u00e4r dom. <strong>Men hur l\u00e5ngt ska vi l\u00e5ta de historiskt okunniga virrpannorna utan vare sig sunt f\u00f6rnuft eller ryggrad (politikerna) styra v\u00e5ra liv och v\u00e5r vardag?<\/strong> Jag vill ha korrekt information som jag har m\u00f6jlighet att ta st\u00e4llning till. Inte ett beslut fattat \u00f6ver mitt huvud som jag ska r\u00e4tta mig efter. Vi h\u00f6rs! Gert &#8212;&#8212;&#8212;&#8212;&#8212;&#8212;&#8212;&#8212;- VAD S\u00c4GER DU OM IDE\u00c8N KRING DEN NYA LAGEN?Imorgon bittid kan du h\u00f6ra och se Gert i TV4 soffan med Steffo &amp; Jenny och imorgonkv\u00e4ll \u00e4r han med och debatterar hett i programmet &#8221; Debatt&#8221; \ud83d\ude42<\/p>\n<\/div>\n<footer class=\"svtArticleFooter\" style=\"color: #1a1a1a\">\n<div class=\"svtArticleByline\" style=\"font-weight: bold\"><\/div>\n<\/footer>\n<\/div>\n","protected":false},"excerpt":{"rendered":"<p>Bjuder p\u00e5 Gerts artikeln i &#8221;Dagens opinion&#8221; \u201dR\u00f6karens sak snarare \u00e4n polisens\u201d 7 timmar sedan Foto: Leif R Jansson \/ TT \/ Maja Suslin \/ TT \u201dDet \u00e4r v\u00e4ldigt l\u00e4tt och synnerligen politiskt korrekt att i detta tidevarv av tr\u00e4ning, surdeg och fettsugning kasta sig \u00f6ver r\u00f6kare, mota bort dom och i alla stycken krympa &#8230; <a title=\"&#8221;R\u00f6karens sak snarare \u00e4n polisens&#8221;\" class=\"read-more\" href=\"https:\/\/blogg.improveme.se\/tanjafylking\/2015\/02\/18\/rokarens-sak-snarare-an-polisens\/\" aria-label=\"L\u00e4s mer om &#8221;R\u00f6karens sak snarare \u00e4n polisens&#8221;\">L\u00e4s mer<\/a><\/p>\n","protected":false},"author":2675,"featured_media":0,"comment_status":"open","ping_status":"open","sticky":false,"template":"","format":"standard","meta":{"footnotes":""},"categories":[1],"tags":[],"class_list":["post-10810","post","type-post","status-publish","format-standard","hentry","category-okategoriserad"],"_links":{"self":[{"href":"https:\/\/blogg.improveme.se\/tanjafylking\/wp-json\/wp\/v2\/posts\/10810","targetHints":{"allow":["GET"]}}],"collection":[{"href":"https:\/\/blogg.improveme.se\/tanjafylking\/wp-json\/wp\/v2\/posts"}],"about":[{"href":"https:\/\/blogg.improveme.se\/tanjafylking\/wp-json\/wp\/v2\/types\/post"}],"author":[{"embeddable":true,"href":"https:\/\/blogg.improveme.se\/tanjafylking\/wp-json\/wp\/v2\/users\/2675"}],"replies":[{"embeddable":true,"href":"https:\/\/blogg.improveme.se\/tanjafylking\/wp-json\/wp\/v2\/comments?post=10810"}],"version-history":[{"count":0,"href":"https:\/\/blogg.improveme.se\/tanjafylking\/wp-json\/wp\/v2\/posts\/10810\/revisions"}],"wp:attachment":[{"href":"https:\/\/blogg.improveme.se\/tanjafylking\/wp-json\/wp\/v2\/media?parent=10810"}],"wp:term":[{"taxonomy":"category","embeddable":true,"href":"https:\/\/blogg.improveme.se\/tanjafylking\/wp-json\/wp\/v2\/categories?post=10810"},{"taxonomy":"post_tag","embeddable":true,"href":"https:\/\/blogg.improveme.se\/tanjafylking\/wp-json\/wp\/v2\/tags?post=10810"}],"curies":[{"name":"wp","href":"https:\/\/api.w.org\/{rel}","templated":true}]}}