{"id":10833,"date":"2015-02-22T00:08:11","date_gmt":"2015-02-21T22:08:11","guid":{"rendered":"http:\/\/blogg.improveme.se\/tanjafylking\/?p=10833"},"modified":"2015-02-22T00:08:11","modified_gmt":"2015-02-21T22:08:11","slug":"en-allmant-skon-lordag","status":"publish","type":"post","link":"https:\/\/blogg.improveme.se\/tanjafylking\/2015\/02\/22\/en-allmant-skon-lordag\/","title":{"rendered":"En allm\u00e4nt sk\u00f6n L\u00f6rdag"},"content":{"rendered":"<p><a href=\"http:\/\/blogg.improveme.se\/tanjafylking\/files\/2015\/02\/bild-19.jpg\"><br \/>\n<\/a>Idag har jag njutit av en riktigt sk\u00f6n L\u00f6rdag utan n\u00e5gra m\u00e5sten&#8230;.<\/p>\n<p>Sov ut och \u00e5t en l\u00e5ng h\u00e4rlig frukost \ud83d\ude42 Det \u00e4r lyxigt att inte ha n\u00e5got inbokat och bara f\u00e5 ta dagen som den kommer.<br \/>\nJag och Figaro tog en sv\u00e4ng till skridskobanan p\u00e5 Medborgareplatsen d\u00e4r vi k\u00f6rde kull s\u00e5 att svetten rann&#8230;.Herregud! Han \u00e4r snabb p\u00e5 isen s\u00e5 jag fick k\u00e4mpa p\u00e5 bra:)<br \/>\nVi planerad ocks\u00e5 vad vi skulle \u00e4ta f\u00f6r gott till kv\u00e4llens Melodifestival och kom fram till att g\u00f6r glass, chokladbollar och poppa popcorn.<br \/>\nSagt och gjort, egenlagat L\u00f6rdagsgodis blev det!!! Jag kan m\u00e5 riktigt d\u00e5ligt n\u00e4r jag t\u00e4nker p\u00e5 alla farliga \u00e4mnen som k\u00f6pt godis inneh\u00e5ller, snacka om att trycka i oss sj\u00e4lva och v\u00e5ra barn riktigt d\u00e5liga saker.<br \/>\nHar best\u00e4mt mig f\u00f6r att faktiskt g\u00f6ra \u00a0mer av egna godsaker fram\u00f6ver. Inte f\u00f6r att vi \u00e4ter s\u00e5 mycket godis i v\u00e5ran familj men \u00e4nd\u00e5, hemlagat \u00e4r b\u00e4st!!! Chokladbollar \u00e4r n\u00e5got jag \u00e4lskar och dessa blev verkligen supergoda! Glassen som vi gjorde smaksatte vi med kanel, vanilj och lite choklad, mums!!! och popcornen poppades i riktigt sm\u00f6r.<br \/>\n<a href=\"http:\/\/blogg.improveme.se\/tanjafylking\/files\/2015\/02\/bild-56.jpg\"><img loading=\"lazy\" decoding=\"async\" class=\"aligncenter wp-image-10834 size-full\" src=\"http:\/\/blogg.improveme.se\/tanjafylking\/files\/2015\/02\/bild-56-e1424555830548.jpg\" alt=\"bild 5\" width=\"480\" height=\"640\" srcset=\"https:\/\/blogg.improveme.se\/tanjafylking\/files\/2015\/02\/bild-56-e1424555830548.jpg 480w, https:\/\/blogg.improveme.se\/tanjafylking\/files\/2015\/02\/bild-56-e1424555830548-225x300.jpg 225w\" sizes=\"auto, (max-width: 480px) 100vw, 480px\" \/><br \/>\n<\/a><a href=\"http:\/\/blogg.improveme.se\/tanjafylking\/files\/2015\/02\/bild-19.jpg\"><img loading=\"lazy\" decoding=\"async\" class=\"aligncenter size-full wp-image-10835\" src=\"http:\/\/blogg.improveme.se\/tanjafylking\/files\/2015\/02\/bild-19.jpg\" alt=\"bild 1\" width=\"480\" height=\"640\" srcset=\"https:\/\/blogg.improveme.se\/tanjafylking\/files\/2015\/02\/bild-19.jpg 480w, https:\/\/blogg.improveme.se\/tanjafylking\/files\/2015\/02\/bild-19-225x300.jpg 225w\" sizes=\"auto, (max-width: 480px) 100vw, 480px\" \/><\/a><a href=\"http:\/\/blogg.improveme.se\/tanjafylking\/files\/2015\/02\/bild-56.jpg\"><\/p>\n<p><\/a> <a href=\"http:\/\/blogg.improveme.se\/tanjafylking\/files\/2015\/02\/bild-19.jpg\"><br \/>\n<\/a> <a href=\"http:\/\/blogg.improveme.se\/tanjafylking\/files\/2015\/02\/bild-226.jpg\"><img loading=\"lazy\" decoding=\"async\" class=\"aligncenter wp-image-10836 size-full\" src=\"http:\/\/blogg.improveme.se\/tanjafylking\/files\/2015\/02\/bild-226-e1424556070247.jpg\" alt=\"bild 2[2]\" width=\"480\" height=\"640\" srcset=\"https:\/\/blogg.improveme.se\/tanjafylking\/files\/2015\/02\/bild-226-e1424556070247.jpg 480w, https:\/\/blogg.improveme.se\/tanjafylking\/files\/2015\/02\/bild-226-e1424556070247-225x300.jpg 225w\" sizes=\"auto, (max-width: 480px) 100vw, 480px\" \/><br \/>\n<\/a> <a href=\"http:\/\/blogg.improveme.se\/tanjafylking\/files\/2015\/02\/bild-314.jpg\"><img loading=\"lazy\" decoding=\"async\" class=\"aligncenter size-large wp-image-10837\" src=\"http:\/\/blogg.improveme.se\/tanjafylking\/files\/2015\/02\/bild-314-755x755.jpg\" alt=\"bild 3[1]\" width=\"755\" height=\"755\" srcset=\"https:\/\/blogg.improveme.se\/tanjafylking\/files\/2015\/02\/bild-314-755x755.jpg 755w, https:\/\/blogg.improveme.se\/tanjafylking\/files\/2015\/02\/bild-314-150x150.jpg 150w, https:\/\/blogg.improveme.se\/tanjafylking\/files\/2015\/02\/bild-314-300x300.jpg 300w, https:\/\/blogg.improveme.se\/tanjafylking\/files\/2015\/02\/bild-314.jpg 960w\" sizes=\"auto, (max-width: 755px) 100vw, 755px\" \/><\/a> <a href=\"http:\/\/blogg.improveme.se\/tanjafylking\/files\/2015\/02\/bild-414.jpg\"><img loading=\"lazy\" decoding=\"async\" class=\"aligncenter size-large wp-image-10838\" src=\"http:\/\/blogg.improveme.se\/tanjafylking\/files\/2015\/02\/bild-414.jpg\" alt=\"bild 4[1]\" width=\"640\" height=\"640\" srcset=\"https:\/\/blogg.improveme.se\/tanjafylking\/files\/2015\/02\/bild-414.jpg 640w, https:\/\/blogg.improveme.se\/tanjafylking\/files\/2015\/02\/bild-414-150x150.jpg 150w, https:\/\/blogg.improveme.se\/tanjafylking\/files\/2015\/02\/bild-414-300x300.jpg 300w\" sizes=\"auto, (max-width: 640px) 100vw, 640px\" \/><br \/>\n<\/a> <a href=\"http:\/\/blogg.improveme.se\/tanjafylking\/files\/2015\/02\/bild-116.jpg\"><img loading=\"lazy\" decoding=\"async\" class=\"aligncenter wp-image-10839 size-full\" src=\"http:\/\/blogg.improveme.se\/tanjafylking\/files\/2015\/02\/bild-116-e1424556118883.jpg\" alt=\"bild 1[1]\" width=\"480\" height=\"640\" srcset=\"https:\/\/blogg.improveme.se\/tanjafylking\/files\/2015\/02\/bild-116-e1424556118883.jpg 480w, https:\/\/blogg.improveme.se\/tanjafylking\/files\/2015\/02\/bild-116-e1424556118883-225x300.jpg 225w\" sizes=\"auto, (max-width: 480px) 100vw, 480px\" \/><\/p>\n<p><\/a>Kv\u00e4llens melodifestival bj\u00f6d p\u00e5 flera bra l\u00e5tar men min favorit blev l\u00e5t nr 7 med Jon. S\u00e5 bra och j\u00e4tte kul att den gick raka v\u00e4gen till finalen i Globen.<br \/>\nI skrivande stund ligger jag redan nerb\u00e4ddad i s\u00e4ngen, lite ovanligt f\u00f6r att vara mig en L\u00f6rdagskv\u00e4ll men ack s\u00e5 sk\u00f6nt! Imorgon blir det nog en sv\u00e4ng till skansen med familjen och en l\u00f6prunda, skall \u00e4ven f\u00f6rs\u00f6ka skapa ordning i min kaos garderob( f\u00e5r v\u00e4l se hur det g\u00e5r). Kram o go helg<\/p>\n","protected":false},"excerpt":{"rendered":"<p>Idag har jag njutit av en riktigt sk\u00f6n L\u00f6rdag utan n\u00e5gra m\u00e5sten&#8230;. Sov ut och \u00e5t en l\u00e5ng h\u00e4rlig frukost \ud83d\ude42 Det \u00e4r lyxigt att inte ha n\u00e5got inbokat och bara f\u00e5 ta dagen som den kommer. Jag och Figaro tog en sv\u00e4ng till skridskobanan p\u00e5 Medborgareplatsen d\u00e4r vi k\u00f6rde kull s\u00e5 att svetten rann&#8230;.Herregud! &#8230; <a title=\"En allm\u00e4nt sk\u00f6n L\u00f6rdag\" class=\"read-more\" href=\"https:\/\/blogg.improveme.se\/tanjafylking\/2015\/02\/22\/en-allmant-skon-lordag\/\" aria-label=\"L\u00e4s mer om En allm\u00e4nt sk\u00f6n L\u00f6rdag\">L\u00e4s mer<\/a><\/p>\n","protected":false},"author":2675,"featured_media":0,"comment_status":"open","ping_status":"open","sticky":false,"template":"","format":"standard","meta":{"footnotes":""},"categories":[1],"tags":[],"class_list":["post-10833","post","type-post","status-publish","format-standard","hentry","category-okategoriserad"],"_links":{"self":[{"href":"https:\/\/blogg.improveme.se\/tanjafylking\/wp-json\/wp\/v2\/posts\/10833","targetHints":{"allow":["GET"]}}],"collection":[{"href":"https:\/\/blogg.improveme.se\/tanjafylking\/wp-json\/wp\/v2\/posts"}],"about":[{"href":"https:\/\/blogg.improveme.se\/tanjafylking\/wp-json\/wp\/v2\/types\/post"}],"author":[{"embeddable":true,"href":"https:\/\/blogg.improveme.se\/tanjafylking\/wp-json\/wp\/v2\/users\/2675"}],"replies":[{"embeddable":true,"href":"https:\/\/blogg.improveme.se\/tanjafylking\/wp-json\/wp\/v2\/comments?post=10833"}],"version-history":[{"count":0,"href":"https:\/\/blogg.improveme.se\/tanjafylking\/wp-json\/wp\/v2\/posts\/10833\/revisions"}],"wp:attachment":[{"href":"https:\/\/blogg.improveme.se\/tanjafylking\/wp-json\/wp\/v2\/media?parent=10833"}],"wp:term":[{"taxonomy":"category","embeddable":true,"href":"https:\/\/blogg.improveme.se\/tanjafylking\/wp-json\/wp\/v2\/categories?post=10833"},{"taxonomy":"post_tag","embeddable":true,"href":"https:\/\/blogg.improveme.se\/tanjafylking\/wp-json\/wp\/v2\/tags?post=10833"}],"curies":[{"name":"wp","href":"https:\/\/api.w.org\/{rel}","templated":true}]}}