{"id":10868,"date":"2015-02-24T11:59:44","date_gmt":"2015-02-24T09:59:44","guid":{"rendered":"http:\/\/blogg.improveme.se\/tanjafylking\/?p=10868"},"modified":"2015-02-26T00:37:18","modified_gmt":"2015-02-25T22:37:18","slug":"hurra-hurra-pa-din-fodelsedag-figaro-8ar","status":"publish","type":"post","link":"https:\/\/blogg.improveme.se\/tanjafylking\/2015\/02\/24\/hurra-hurra-pa-din-fodelsedag-figaro-8ar\/","title":{"rendered":"Hurra hurra p\u00e5 din F\u00f6delsedag, Figaro 8\u00e5r"},"content":{"rendered":"<figure id=\"attachment_10869\" aria-describedby=\"caption-attachment-10869\" style=\"width: 594px\" class=\"wp-caption aligncenter\"><a href=\"http:\/\/blogg.improveme.se\/tanjafylking\/files\/2015\/02\/223567_1036969444220_6079_n.jpg\"><img loading=\"lazy\" decoding=\"async\" class=\"wp-image-10869 size-full\" src=\"http:\/\/blogg.improveme.se\/tanjafylking\/files\/2015\/02\/223567_1036969444220_6079_n.jpg\" alt=\"223567_1036969444220_6079_n\" width=\"604\" height=\"453\" srcset=\"https:\/\/blogg.improveme.se\/tanjafylking\/files\/2015\/02\/223567_1036969444220_6079_n.jpg 604w, https:\/\/blogg.improveme.se\/tanjafylking\/files\/2015\/02\/223567_1036969444220_6079_n-300x225.jpg 300w\" sizes=\"auto, (max-width: 604px) 100vw, 604px\" \/><\/a><figcaption id=\"caption-attachment-10869\" class=\"wp-caption-text\">\u00c4lskade pojke! H\u00e4r \u00e4r Figaro endast 5 m\u00e5nader gammal och vi befinner och p\u00e5 bryggan p\u00e5 landet. Bilden \u00e4r min absoluta favorit! Fler bilder kommer under dagen&#8230;..<\/figcaption><\/figure>\n<figure id=\"attachment_10875\" aria-describedby=\"caption-attachment-10875\" style=\"width: 745px\" class=\"wp-caption aligncenter\"><a href=\"http:\/\/blogg.improveme.se\/tanjafylking\/files\/2015\/02\/sommarbilder-07Dop-046.jpg\"><img loading=\"lazy\" decoding=\"async\" class=\"wp-image-10875 size-large\" src=\"http:\/\/blogg.improveme.se\/tanjafylking\/files\/2015\/02\/sommarbilder-07Dop-046-755x1006.jpg\" alt=\"sommarbilder 07Dop 046\" width=\"755\" height=\"1006\" srcset=\"https:\/\/blogg.improveme.se\/tanjafylking\/files\/2015\/02\/sommarbilder-07Dop-046-755x1006.jpg 755w, https:\/\/blogg.improveme.se\/tanjafylking\/files\/2015\/02\/sommarbilder-07Dop-046-225x300.jpg 225w, https:\/\/blogg.improveme.se\/tanjafylking\/files\/2015\/02\/sommarbilder-07Dop-046.jpg 975w\" sizes=\"auto, (max-width: 755px) 100vw, 755px\" \/><\/a><figcaption id=\"caption-attachment-10875\" class=\"wp-caption-text\">5 m\u00e5nader gammal d\u00f6ps han p\u00e5 bryggan p\u00e5 kobben, h\u00e4r med gudf\u00f6r\u00e4ldrarna Robert &amp; Lotta Aschberg. \u00c4r s\u00e5 glad \u00f6ver alla bra vuxna f\u00f6rebilder som finns kring Figaro&#8230;.<\/figcaption><\/figure>\n<figure id=\"attachment_10876\" aria-describedby=\"caption-attachment-10876\" style=\"width: 745px\" class=\"wp-caption aligncenter\"><a href=\"http:\/\/blogg.improveme.se\/tanjafylking\/files\/2015\/02\/sommarbilder-07-052.jpg\"><img loading=\"lazy\" decoding=\"async\" class=\"wp-image-10876 size-large\" src=\"http:\/\/blogg.improveme.se\/tanjafylking\/files\/2015\/02\/sommarbilder-07-052-755x566.jpg\" alt=\"sommarbilder 07 052\" width=\"755\" height=\"566\" srcset=\"https:\/\/blogg.improveme.se\/tanjafylking\/files\/2015\/02\/sommarbilder-07-052-755x566.jpg 755w, https:\/\/blogg.improveme.se\/tanjafylking\/files\/2015\/02\/sommarbilder-07-052-300x225.jpg 300w, https:\/\/blogg.improveme.se\/tanjafylking\/files\/2015\/02\/sommarbilder-07-052.jpg 1624w\" sizes=\"auto, (max-width: 755px) 100vw, 755px\" \/><\/a><figcaption id=\"caption-attachment-10876\" class=\"wp-caption-text\">H\u00e4r Roger Nordin &amp; Magnus Nordgren som \u00e4r stolta faddrar till lill Mr<\/figcaption><\/figure>\n<figure id=\"attachment_10877\" aria-describedby=\"caption-attachment-10877\" style=\"width: 745px\" class=\"wp-caption aligncenter\"><a href=\"http:\/\/blogg.improveme.se\/tanjafylking\/files\/2015\/02\/sommarbilder-07-045.jpg\"><img loading=\"lazy\" decoding=\"async\" class=\"wp-image-10877 size-large\" src=\"http:\/\/blogg.improveme.se\/tanjafylking\/files\/2015\/02\/sommarbilder-07-045-755x566.jpg\" alt=\"sommarbilder 07 045\" width=\"755\" height=\"566\" srcset=\"https:\/\/blogg.improveme.se\/tanjafylking\/files\/2015\/02\/sommarbilder-07-045-755x566.jpg 755w, https:\/\/blogg.improveme.se\/tanjafylking\/files\/2015\/02\/sommarbilder-07-045-300x225.jpg 300w, https:\/\/blogg.improveme.se\/tanjafylking\/files\/2015\/02\/sommarbilder-07-045.jpg 1624w\" sizes=\"auto, (max-width: 755px) 100vw, 755px\" \/><\/a><figcaption id=\"caption-attachment-10877\" class=\"wp-caption-text\">Stolt storebror Kevin<\/figcaption><\/figure>\n<figure id=\"attachment_10878\" aria-describedby=\"caption-attachment-10878\" style=\"width: 745px\" class=\"wp-caption aligncenter\"><a href=\"http:\/\/blogg.improveme.se\/tanjafylking\/files\/2015\/02\/sommarbilder-07-047.jpg\"><img loading=\"lazy\" decoding=\"async\" class=\"wp-image-10878 size-large\" src=\"http:\/\/blogg.improveme.se\/tanjafylking\/files\/2015\/02\/sommarbilder-07-047-755x566.jpg\" alt=\"sommarbilder 07 047\" width=\"755\" height=\"566\" srcset=\"https:\/\/blogg.improveme.se\/tanjafylking\/files\/2015\/02\/sommarbilder-07-047-755x566.jpg 755w, https:\/\/blogg.improveme.se\/tanjafylking\/files\/2015\/02\/sommarbilder-07-047-300x225.jpg 300w, https:\/\/blogg.improveme.se\/tanjafylking\/files\/2015\/02\/sommarbilder-07-047.jpg 1624w\" sizes=\"auto, (max-width: 755px) 100vw, 755px\" \/><\/a><figcaption id=\"caption-attachment-10878\" class=\"wp-caption-text\">Glimten i \u00f6gat redan som liten&#8230;.<\/figcaption><\/figure>\n<figure id=\"attachment_10872\" aria-describedby=\"caption-attachment-10872\" style=\"width: 310px\" class=\"wp-caption aligncenter\"><a href=\"http:\/\/blogg.improveme.se\/tanjafylking\/files\/2015\/02\/kobben-sep-004.jpg\"><img loading=\"lazy\" decoding=\"async\" class=\"wp-image-10872 size-full\" src=\"http:\/\/blogg.improveme.se\/tanjafylking\/files\/2015\/02\/kobben-sep-004.jpg\" alt=\"kobben sep 004\" width=\"320\" height=\"240\" srcset=\"https:\/\/blogg.improveme.se\/tanjafylking\/files\/2015\/02\/kobben-sep-004.jpg 320w, https:\/\/blogg.improveme.se\/tanjafylking\/files\/2015\/02\/kobben-sep-004-300x225.jpg 300w\" sizes=\"auto, (max-width: 320px) 100vw, 320px\" \/><\/a><figcaption id=\"caption-attachment-10872\" class=\"wp-caption-text\">Dessa tv\u00e5 har vuxit upp tillsammans och deras blick f\u00f6r varandra \u00e4r obetalbar&#8230;.Jag \u00e4r \u00f6vertygad om att djur \u00e4r en mycket viktigt del i barns liv.<\/figcaption><\/figure>\n<figure id=\"attachment_10881\" aria-describedby=\"caption-attachment-10881\" style=\"width: 745px\" class=\"wp-caption aligncenter\"><a href=\"http:\/\/blogg.improveme.se\/tanjafylking\/files\/2015\/02\/bild-118.jpg\"><img loading=\"lazy\" decoding=\"async\" class=\"wp-image-10881 size-large\" src=\"http:\/\/blogg.improveme.se\/tanjafylking\/files\/2015\/02\/bild-118-e1424903003968-755x1006.jpg\" alt=\"bild 1\" width=\"755\" height=\"1006\" srcset=\"https:\/\/blogg.improveme.se\/tanjafylking\/files\/2015\/02\/bild-118-e1424903003968-755x1006.jpg 755w, https:\/\/blogg.improveme.se\/tanjafylking\/files\/2015\/02\/bild-118-e1424903003968-225x300.jpg 225w, https:\/\/blogg.improveme.se\/tanjafylking\/files\/2015\/02\/bild-118-e1424903003968.jpg 960w\" sizes=\"auto, (max-width: 755px) 100vw, 755px\" \/><\/a><figcaption id=\"caption-attachment-10881\" class=\"wp-caption-text\">Fylld av f\u00f6rv\u00e4ntan s\u00e5 vaknade lille F redan klockan 07.00, s\u00e5 det var bara upp och hoppa f\u00f6r min del. Fick bli morgonmys framf\u00f6r TV en stund&#8230;..Minns ju sj\u00e4lv hur sp\u00e4nnande det var att fylla \u00e5r, tycker fortfarande att det \u00e4r r\u00e4tt kul faktiskt!<\/figcaption><\/figure>\n<figure id=\"attachment_10882\" aria-describedby=\"caption-attachment-10882\" style=\"width: 470px\" class=\"wp-caption aligncenter\"><a href=\"http:\/\/blogg.improveme.se\/tanjafylking\/files\/2015\/02\/bild-310.jpg\"><img loading=\"lazy\" decoding=\"async\" class=\"wp-image-10882 size-full\" src=\"http:\/\/blogg.improveme.se\/tanjafylking\/files\/2015\/02\/bild-310-e1424903170372.jpg\" alt=\"bild 3\" width=\"480\" height=\"640\" srcset=\"https:\/\/blogg.improveme.se\/tanjafylking\/files\/2015\/02\/bild-310-e1424903170372.jpg 480w, https:\/\/blogg.improveme.se\/tanjafylking\/files\/2015\/02\/bild-310-e1424903170372-225x300.jpg 225w\" sizes=\"auto, (max-width: 480px) 100vw, 480px\" \/><\/a><figcaption id=\"caption-attachment-10882\" class=\"wp-caption-text\">Ja m\u00e5 han leva!!!<\/figcaption><\/figure>\n<figure id=\"attachment_10883\" aria-describedby=\"caption-attachment-10883\" style=\"width: 470px\" class=\"wp-caption aligncenter\"><a href=\"http:\/\/blogg.improveme.se\/tanjafylking\/files\/2015\/02\/bild-410.jpg\"><img loading=\"lazy\" decoding=\"async\" class=\"wp-image-10883 size-full\" src=\"http:\/\/blogg.improveme.se\/tanjafylking\/files\/2015\/02\/bild-410-e1424903216982.jpg\" alt=\"bild 4\" width=\"480\" height=\"640\" srcset=\"https:\/\/blogg.improveme.se\/tanjafylking\/files\/2015\/02\/bild-410-e1424903216982.jpg 480w, https:\/\/blogg.improveme.se\/tanjafylking\/files\/2015\/02\/bild-410-e1424903216982-225x300.jpg 225w\" sizes=\"auto, (max-width: 480px) 100vw, 480px\" \/><\/a><figcaption id=\"caption-attachment-10883\" class=\"wp-caption-text\">Han har \u00f6nskat sig en klocka och den d\u00e4r glada blicken s\u00e4ger ju allt!<\/figcaption><\/figure>\n<figure id=\"attachment_10884\" aria-describedby=\"caption-attachment-10884\" style=\"width: 630px\" class=\"wp-caption aligncenter\"><a href=\"http:\/\/blogg.improveme.se\/tanjafylking\/files\/2015\/02\/bild-58.jpg\"><img loading=\"lazy\" decoding=\"async\" class=\"wp-image-10884 size-full\" src=\"http:\/\/blogg.improveme.se\/tanjafylking\/files\/2015\/02\/bild-58-e1424903286651.jpg\" alt=\"bild 5\" width=\"640\" height=\"640\" srcset=\"https:\/\/blogg.improveme.se\/tanjafylking\/files\/2015\/02\/bild-58-e1424903286651.jpg 640w, https:\/\/blogg.improveme.se\/tanjafylking\/files\/2015\/02\/bild-58-e1424903286651-150x150.jpg 150w, https:\/\/blogg.improveme.se\/tanjafylking\/files\/2015\/02\/bild-58-e1424903286651-300x300.jpg 300w\" sizes=\"auto, (max-width: 640px) 100vw, 640px\" \/><\/a><figcaption id=\"caption-attachment-10884\" class=\"wp-caption-text\">Lite pyssel med att m\u00e5la bokst\u00e4ver fick dagen att g\u00e5, dessa skall s\u00e4ttas p\u00e5 Figaros d\u00f6rr&#8230;&#8230;..Kl 11 skulle v\u00e4nnen Olle komma och vi hade utlovat en sv\u00e4ng till badhuset. Det \u00e4r sportlov h\u00e4r i stan och n\u00e4sta inga v\u00e4nner \u00e4r hemma s\u00e5 barnkalaset kommer vi att ha lite l\u00e4ngre fram&#8230;..<\/figcaption><\/figure>\n<p><figure id=\"attachment_10885\" aria-describedby=\"caption-attachment-10885\" style=\"width: 630px\" class=\"wp-caption aligncenter\"><a href=\"http:\/\/blogg.improveme.se\/tanjafylking\/files\/2015\/02\/bild-119.jpg\"><img loading=\"lazy\" decoding=\"async\" class=\"wp-image-10885 size-full\" src=\"http:\/\/blogg.improveme.se\/tanjafylking\/files\/2015\/02\/bild-119-e1424903474778.jpg\" alt=\"bild 1[1]\" width=\"640\" height=\"640\" srcset=\"https:\/\/blogg.improveme.se\/tanjafylking\/files\/2015\/02\/bild-119-e1424903474778.jpg 640w, https:\/\/blogg.improveme.se\/tanjafylking\/files\/2015\/02\/bild-119-e1424903474778-150x150.jpg 150w, https:\/\/blogg.improveme.se\/tanjafylking\/files\/2015\/02\/bild-119-e1424903474778-300x300.jpg 300w\" sizes=\"auto, (max-width: 640px) 100vw, 640px\" \/><\/a><figcaption id=\"caption-attachment-10885\" class=\"wp-caption-text\">Kalasbordet dukades upp med hemgjord kladdkaka och mar\u00e4ngswiss med hemgjord glass, magiskt gott!!<\/figcaption><\/figure><figure id=\"attachment_10886\" aria-describedby=\"caption-attachment-10886\" style=\"width: 470px\" class=\"wp-caption aligncenter\"><a href=\"http:\/\/blogg.improveme.se\/tanjafylking\/files\/2015\/02\/bild-228.jpg\"><img loading=\"lazy\" decoding=\"async\" class=\"wp-image-10886 size-full\" src=\"http:\/\/blogg.improveme.se\/tanjafylking\/files\/2015\/02\/bild-228-e1424903541945.jpg\" alt=\"bild 2[2]\" width=\"480\" height=\"640\" srcset=\"https:\/\/blogg.improveme.se\/tanjafylking\/files\/2015\/02\/bild-228-e1424903541945.jpg 480w, https:\/\/blogg.improveme.se\/tanjafylking\/files\/2015\/02\/bild-228-e1424903541945-225x300.jpg 225w\" sizes=\"auto, (max-width: 480px) 100vw, 480px\" \/><\/a><figcaption id=\"caption-attachment-10886\" class=\"wp-caption-text\">Storebror Kevin var s\u00e5klart p\u00e5 plats f\u00f6r att fira sin lillebror&#8230;.<\/figcaption><\/figure><figure id=\"attachment_10887\" aria-describedby=\"caption-attachment-10887\" style=\"width: 630px\" class=\"wp-caption aligncenter\"><a href=\"http:\/\/blogg.improveme.se\/tanjafylking\/files\/2015\/02\/bild-316.jpg\"><img loading=\"lazy\" decoding=\"async\" class=\"wp-image-10887 size-full\" src=\"http:\/\/blogg.improveme.se\/tanjafylking\/files\/2015\/02\/bild-316.jpg\" alt=\"bild 3[1]\" width=\"640\" height=\"480\" srcset=\"https:\/\/blogg.improveme.se\/tanjafylking\/files\/2015\/02\/bild-316.jpg 640w, https:\/\/blogg.improveme.se\/tanjafylking\/files\/2015\/02\/bild-316-300x225.jpg 300w\" sizes=\"auto, (max-width: 640px) 100vw, 640px\" \/><\/a><figcaption id=\"caption-attachment-10887\" class=\"wp-caption-text\">V\u00e5ra n\u00e4ra vuxen v\u00e4nner kom ocks\u00e5 och gratulerade lille F. Han har s\u00e5 m\u00e5nga fina vuxna omkring sig, vilket vi \u00e4r s\u00e5 stolta och glada \u00f6ver. Stort tack till Robban, Lotta, Roger, Lotta, Linnea, Kevin, Randi och Peter<\/figcaption><\/figure><figure id=\"attachment_10888\" aria-describedby=\"caption-attachment-10888\" style=\"width: 630px\" class=\"wp-caption aligncenter\"><a href=\"http:\/\/blogg.improveme.se\/tanjafylking\/files\/2015\/02\/bild-219.jpg\"><img loading=\"lazy\" decoding=\"async\" class=\"wp-image-10888 size-full\" src=\"http:\/\/blogg.improveme.se\/tanjafylking\/files\/2015\/02\/bild-219.jpg\" alt=\"bild 2[1]\" width=\"640\" height=\"640\" srcset=\"https:\/\/blogg.improveme.se\/tanjafylking\/files\/2015\/02\/bild-219.jpg 640w, https:\/\/blogg.improveme.se\/tanjafylking\/files\/2015\/02\/bild-219-150x150.jpg 150w, https:\/\/blogg.improveme.se\/tanjafylking\/files\/2015\/02\/bild-219-300x300.jpg 300w\" sizes=\"auto, (max-width: 640px) 100vw, 640px\" \/><\/a><figcaption id=\"caption-attachment-10888\" class=\"wp-caption-text\">Tack f\u00f6r alla gratulationer!!!<\/figcaption><\/figure><\/p>\n","protected":false},"excerpt":{"rendered":"","protected":false},"author":2675,"featured_media":0,"comment_status":"open","ping_status":"open","sticky":false,"template":"","format":"standard","meta":{"footnotes":""},"categories":[1],"tags":[],"class_list":["post-10868","post","type-post","status-publish","format-standard","hentry","category-okategoriserad"],"_links":{"self":[{"href":"https:\/\/blogg.improveme.se\/tanjafylking\/wp-json\/wp\/v2\/posts\/10868","targetHints":{"allow":["GET"]}}],"collection":[{"href":"https:\/\/blogg.improveme.se\/tanjafylking\/wp-json\/wp\/v2\/posts"}],"about":[{"href":"https:\/\/blogg.improveme.se\/tanjafylking\/wp-json\/wp\/v2\/types\/post"}],"author":[{"embeddable":true,"href":"https:\/\/blogg.improveme.se\/tanjafylking\/wp-json\/wp\/v2\/users\/2675"}],"replies":[{"embeddable":true,"href":"https:\/\/blogg.improveme.se\/tanjafylking\/wp-json\/wp\/v2\/comments?post=10868"}],"version-history":[{"count":0,"href":"https:\/\/blogg.improveme.se\/tanjafylking\/wp-json\/wp\/v2\/posts\/10868\/revisions"}],"wp:attachment":[{"href":"https:\/\/blogg.improveme.se\/tanjafylking\/wp-json\/wp\/v2\/media?parent=10868"}],"wp:term":[{"taxonomy":"category","embeddable":true,"href":"https:\/\/blogg.improveme.se\/tanjafylking\/wp-json\/wp\/v2\/categories?post=10868"},{"taxonomy":"post_tag","embeddable":true,"href":"https:\/\/blogg.improveme.se\/tanjafylking\/wp-json\/wp\/v2\/tags?post=10868"}],"curies":[{"name":"wp","href":"https:\/\/api.w.org\/{rel}","templated":true}]}}